{"id":848,"date":"2020-12-14T14:08:05","date_gmt":"2020-12-14T13:08:05","guid":{"rendered":"https:\/\/www.bds-bayern.de\/bezirkschwaben\/?p=848"},"modified":"2020-12-14T14:11:14","modified_gmt":"2020-12-14T13:11:14","slug":"bds-gersthofen-gemeinsam-gehts-besser","status":"publish","type":"post","link":"https:\/\/www.bds-bayern.de\/bezirkschwaben\/bds-gersthofen-gemeinsam-gehts-besser\/","title":{"rendered":"BDS Gersthofen &#8211; gemeinsam geht\u00b4s besser!"},"content":{"rendered":"<h2>Tolle Aktion zur Weihnachtszeit!<\/h2>\n<h3>Besser als die Augsburger Allgemeine kann man es nicht beschreiben, daher hier der Auszug aus dem Bericht:<\/h3>\n<p>&nbsp;<\/p>\n<h3 class=\" p-fnt_std-bold--ml\"><strong>Wie wichtig manches ist, merkt man oft erst, wenn es nicht mehr da ist. Was t\u00e4ten wir beispielsweise..<\/strong><\/h3>\n<h3>&#8222;&#8230; ohne den B\u00e4cker um die Ecke, ohne die gute Beratung beim Einkauf von elektrischen Ger\u00e4ten oder ohne das Reiseb\u00fcro, das einen zu den sch\u00f6nsten Pl\u00e4tzen der Erde bringt. Deshalb gilt derzeit mehr denn je: Vor Ort einkaufen und damit den lokalen Handel, das Handwerk und die Dienstleister unterst\u00fctzen \u2013 auch oder gerade weil viele von ihnen unter der Corona-Pandemie leiden.<\/h3>\n<p><a href=\"http:\/\/www.grashei.de\/\"><img loading=\"lazy\" decoding=\"async\" class=\" wp-image-850 alignnone\" src=\"https:\/\/www.bds-bayern.de\/bezirkschwaben\/wp-content\/uploads\/sites\/38\/2020\/12\/231393120-1.jpg\" alt=\"\" width=\"274\" height=\"191\" \/><\/a><a href=\"https:\/\/citycenter-gersthofen.de\/\"><img loading=\"lazy\" decoding=\"async\" class=\"alignnone wp-image-856\" src=\"https:\/\/www.bds-bayern.de\/bezirkschwaben\/wp-content\/uploads\/sites\/38\/2020\/12\/231393419-1.jpg\" alt=\"\" width=\"250\" height=\"189\" \/><\/a><a href=\"https:\/\/www.kamp-woehrer.de\/\"><img loading=\"lazy\" decoding=\"async\" class=\"alignnone wp-image-857\" src=\"https:\/\/www.bds-bayern.de\/bezirkschwaben\/wp-content\/uploads\/sites\/38\/2020\/12\/231393181-1.jpg\" alt=\"\" width=\"289\" height=\"188\" \/><\/a><\/p>\n<h3>Eine Organisation, die sich sozusagen von Berufswegen dieser Unterst\u00fctzung verschrieben hat, ist der BDS, der Bund f\u00fcr Selbst\u00e4ndige in\u00a0<span class=\"rtr-schema-org\"><a class=\"rtr-entity\" href=\"https:\/\/www.augsburger-allgemeine.de\/orte\/bayern\" data-rtr-entity=\"Bayern\" data-rtr-id=\"4205911f99ae6ee47d387df9b2d77db81edea768\" data-rtr-score=\"12.8858746492\" data-rtr-etype=\"location\">Bayern<\/a><\/span>. Seit 1874 vertritt er die Interessen des selbstst\u00e4ndigen Mittelstandes \u2013 parteineutral, branchen\u00fcbergreifend und unabh\u00e4ngig. Das lebendige Netzwerk der Unternehmen und Selbstst\u00e4ndigen sowie das Dienstleistungsangebot des BDS Bayern leisten dar\u00fcber hinaus ihren Beitrag f\u00fcr den unternehmerischen Erfolg der Mitglieder, beispielsweise durch kostenlose Fachvortr\u00e4ge oder Netzwerkarbeit.<\/h3>\n<h3>In Gersthofen gibt es seit den 80er Jahren des vergangenen Jahrhunderts einen Ortsverband. Dieser engagiert sich unter anderem mit einem Vorteilsprogramm in vielf\u00e4ltiger Weise f\u00fcr seine derzeit 50 Mitglieder aus dem Handel, dem Handwerk, der Dienstleistungs- und Versicherungsbranche sowie viele andere Wirtschaftsbereichen und sorgt damit indirekt auch daf\u00fcr, dass die Gersthofener vor Ort noch immer \u00fcber ein breit gef\u00e4chertes Angebot verf\u00fcgen k\u00f6nnen, auf das niemand verzichten will.<\/h3>\n<h3><a href=\"https:\/\/www.allianz.de\/\"><img loading=\"lazy\" decoding=\"async\" class=\"alignnone size-medium wp-image-860\" src=\"https:\/\/www.bds-bayern.de\/bezirkschwaben\/wp-content\/uploads\/sites\/38\/2020\/12\/231390030-1-1-276x300.jpg\" alt=\"\" width=\"276\" height=\"300\" srcset=\"https:\/\/www.bds-bayern.de\/bezirkschwaben\/wp-content\/uploads\/sites\/38\/2020\/12\/231390030-1-1-276x300.jpg 276w, https:\/\/www.bds-bayern.de\/bezirkschwaben\/wp-content\/uploads\/sites\/38\/2020\/12\/231390030-1-1.jpg 300w\" sizes=\"auto, (max-width: 276px) 100vw, 276px\" \/><\/a><a href=\"https:\/\/www.weinladen-lemberger.de\/\"><img loading=\"lazy\" decoding=\"async\" class=\"alignnone size-medium wp-image-861\" src=\"https:\/\/www.bds-bayern.de\/bezirkschwaben\/wp-content\/uploads\/sites\/38\/2020\/12\/231393123-1-276x300.jpg\" alt=\"\" width=\"276\" height=\"300\" srcset=\"https:\/\/www.bds-bayern.de\/bezirkschwaben\/wp-content\/uploads\/sites\/38\/2020\/12\/231393123-1-276x300.jpg 276w, https:\/\/www.bds-bayern.de\/bezirkschwaben\/wp-content\/uploads\/sites\/38\/2020\/12\/231393123-1.jpg 300w\" sizes=\"auto, (max-width: 276px) 100vw, 276px\" \/><\/a><\/h3>\n<h3>Einsatz f\u00fcr Citymanager:<\/h3>\n<h3>Ganz aktuell plant der BDS Gersthofen eine Zusammenarbeit mit der Stadtverwaltung, die das Ziel hat, den Einzelhandel vor Ort zu unterst\u00fctzen. Erreicht werden soll dies mit der Schaffung einer Anlaufstelle (Citymanager) bei der Stadt Gersthofen f\u00fcr die rund 2000 Gewerbetreibenden in der Stadt.<\/h3>\n<h3>Doch nicht nur das: Der BDS Gersthofen ist auch regelm\u00e4\u00dfiger Veranstalter der Gewerbeschau Giga in der Stadthalle und auf dem Au\u00dfengel\u00e4nde sowie verschiedener Aktionen unterm Jahr. So wurden zum Muttertag bisher immer rote Rosen an die Damen verteilt. Vor Weihnachten lud man bed\u00fcrftige Familien mit ihren Kindern zu einem Weihnachtsessen mit Nikolausbesuch ein.<\/h3>\n<h3>Doch nachdem all diese Aktionen in diesem Jahr coronabedingt nicht stattfinden konnten und auch die f\u00fcrs n\u00e4chste Jahr geplante Giga auf 2022 verschoben wird, haben sich die Verantwortlichen etwas anderes ausgedacht: Sie haben gesammelt und dem Verein Kinderweihnachtswunsch in Gersthofen einen Scheck \u00fcber 500 Euro \u00fcberreicht. Der Verein unterst\u00fctzt Kinder und Jugendliche, die in sozialen Einrichtungen leben und\/oder von diesen betreut werden. J\u00e4hrlich organisiert er eine Spendenaktion ab November, an der sich jedermann beteiligen und so helfen kann, W\u00fcnsche dieser Kinder zu erf\u00fcllen.<\/h3>\n<h3><a href=\"https:\/\/www.hoergeraete-wiedemann.de\/\"><img loading=\"lazy\" decoding=\"async\" class=\"alignnone size-full wp-image-864\" src=\"https:\/\/www.bds-bayern.de\/bezirkschwaben\/wp-content\/uploads\/sites\/38\/2020\/12\/231393115-1.jpg\" alt=\"\" width=\"300\" height=\"211\" \/><\/a><a href=\"https:\/\/cafeamrathaus.de\/\"><img loading=\"lazy\" decoding=\"async\" class=\"alignnone size-full wp-image-865\" src=\"https:\/\/www.bds-bayern.de\/bezirkschwaben\/wp-content\/uploads\/sites\/38\/2020\/12\/231387051-1.jpg\" alt=\"\" width=\"300\" height=\"195\" \/><\/a><\/h3>\n<h3>Solide Basis schaffen:<\/h3>\n<h3>F\u00fcr 2021 hat der BDS jetzt erst einmal das Ziel, eine solide Basis f\u00fcr die weitere Arbeit zu schaffen, indem der Vorstand neu gew\u00e4hlt wird. Nachdem der bisherige Vorsitzende sein Amt aus gesundheitlichen Gr\u00fcnden nicht mehr aus\u00fcben konnte, k\u00fcmmern sich Frank W\u00f6hrer, bisher im Orgateam der Giga unter anderem f\u00fcr die \u00d6ffentlichkeitsarbeit zust\u00e4ndig, der Zweite Vorsitzende Alexander D\u00f6ll und die weiteren Mitglieder der Vorstandschaft um die Belange des Bundes der Selbst\u00e4ndigen in Gersthofen, bei dem man sich \u00fcber viele neue Mitglieder freuen w\u00fcrde.&#8220;<\/h3>\n<h3>Birgit Waldmann<\/h3>\n","protected":false},"excerpt":{"rendered":"<p>Tolle Aktion zur Weihnachtszeit! Besser als die Augsburger Allgemeine kann man es nicht beschreiben, daher hier der Auszug aus dem Bericht: &nbsp; Wie wichtig manches ist, merkt man oft erst, wenn es nicht mehr da ist. Was t\u00e4ten wir beispielsweise.. &#8222;&#8230; ohne den B\u00e4cker um die Ecke, ohne die gute Beratung beim Einkauf von elektrischen&hellip;<\/p>\n","protected":false},"author":34,"featured_media":847,"comment_status":"open","ping_status":"open","sticky":false,"template":"","format":"standard","meta":{"footnotes":""},"categories":[1],"tags":[],"class_list":["post-848","post","type-post","status-publish","format-standard","has-post-thumbnail","hentry","category-allgemein","category-1","description-off"],"_links":{"self":[{"href":"https:\/\/www.bds-bayern.de\/bezirkschwaben\/wp-json\/wp\/v2\/posts\/848","targetHints":{"allow":["GET"]}}],"collection":[{"href":"https:\/\/www.bds-bayern.de\/bezirkschwaben\/wp-json\/wp\/v2\/posts"}],"about":[{"href":"https:\/\/www.bds-bayern.de\/bezirkschwaben\/wp-json\/wp\/v2\/types\/post"}],"author":[{"embeddable":true,"href":"https:\/\/www.bds-bayern.de\/bezirkschwaben\/wp-json\/wp\/v2\/users\/34"}],"replies":[{"embeddable":true,"href":"https:\/\/www.bds-bayern.de\/bezirkschwaben\/wp-json\/wp\/v2\/comments?post=848"}],"version-history":[{"count":11,"href":"https:\/\/www.bds-bayern.de\/bezirkschwaben\/wp-json\/wp\/v2\/posts\/848\/revisions"}],"predecessor-version":[{"id":868,"href":"https:\/\/www.bds-bayern.de\/bezirkschwaben\/wp-json\/wp\/v2\/posts\/848\/revisions\/868"}],"wp:featuredmedia":[{"embeddable":true,"href":"https:\/\/www.bds-bayern.de\/bezirkschwaben\/wp-json\/wp\/v2\/media\/847"}],"wp:attachment":[{"href":"https:\/\/www.bds-bayern.de\/bezirkschwaben\/wp-json\/wp\/v2\/media?parent=848"}],"wp:term":[{"taxonomy":"category","embeddable":true,"href":"https:\/\/www.bds-bayern.de\/bezirkschwaben\/wp-json\/wp\/v2\/categories?post=848"},{"taxonomy":"post_tag","embeddable":true,"href":"https:\/\/www.bds-bayern.de\/bezirkschwaben\/wp-json\/wp\/v2\/tags?post=848"}],"curies":[{"name":"wp","href":"https:\/\/api.w.org\/{rel}","templated":true}]}}