{"id":923,"date":"2021-01-17T19:50:13","date_gmt":"2021-01-17T18:50:13","guid":{"rendered":"https:\/\/www.bds-bayern.de\/bezirkschwaben\/?p=923"},"modified":"2021-03-15T18:29:16","modified_gmt":"2021-03-15T17:29:16","slug":"ffp2-maskenpflicht-ab-montag-18-1-21-in-bayern-ihr-bds-bayern-stellt-ihnen-vorlagen-fuer-hinweisplakate-zur-verfuegung","status":"publish","type":"post","link":"https:\/\/www.bds-bayern.de\/bezirkschwaben\/ffp2-maskenpflicht-ab-montag-18-1-21-in-bayern-ihr-bds-bayern-stellt-ihnen-vorlagen-fuer-hinweisplakate-zur-verfuegung\/","title":{"rendered":"FFP2-Maskenpflicht ab Montag, 18.1.21 in Bayern. Ihr BDS Bayern stellt Ihnen Vorlagen f\u00fcr Hinweisplakate zur Verf\u00fcgung!"},"content":{"rendered":"<p style=\"font-weight: 400\">Liebe Mitgliedsunternehmen,<\/p>\n<p style=\"font-weight: 400\">jetzt hat uns auch der Verordnungstext erreicht, der nochmal ein paar Konkretisierungen enth\u00e4lt:<\/p>\n<p style=\"font-weight: 400\"><strong>Neue Information FFP2-Maskenpflicht<\/strong><\/p>\n<p style=\"font-weight: 400\">Ab dem 18. Januar 2021 gilt eine Verpflichtung zum Tragen einer FFP2-Maske im \u00d6ffentlichen Personennahverkehr und f\u00fcr Kunden im Handel. Dies ergibt sich aus der\u00a0<a href=\"https:\/\/verteiler.bds-bayern.de\/newsletter\/link.php?link=00_02_04_DA_2D3_62F14-03-01-DB4BE4F4B4FA803FDF10CDD544421D27-299FF273208346D792\">\u00c4nderung der 11. Bayerischen Infektionsschutzma\u00dfnahmenverordnung<\/a>\u00a0vom 15. Januar 2021.<\/p>\n<p style=\"font-weight: 400\"><strong>Wesentliche Vorgaben<\/strong><\/p>\n<p style=\"font-weight: 400\"><strong>Aus dem Wortlaut der neugefassten Verordnung ergibt sich folgendes:<\/strong><\/p>\n<ul style=\"font-weight: 400\">\n<li>Die FFP2-Maskenpflicht gilt nur f\u00fcr die Kunden!\u00a0<em>(Anmerkung: Ausgenommen bei click&amp;collect)<\/em><\/li>\n<li>Im \u00f6ffentlichen Personennahverkehr und den hierzu geh\u00f6renden Einrichtungen sowie in der Sch\u00fclerbef\u00f6rderung im freigestellten Sch\u00fclerverkehr\u00a0<strong>m\u00fcssen die Fahrg\u00e4ste FFP2-Masken tragen<\/strong>;<\/li>\n<li>in den zul\u00e4ssigerweise ge\u00f6ffneten Gesch\u00e4ften m\u00fcssen\u00a0<strong><u>Kunden<\/u><\/strong>\u00a0und ihre Begleitpersonen in den Verkaufsr\u00e4umen, auf dem Verkaufsgel\u00e4nde, in den Eingangs- und Wartefl\u00e4chen vor den Verkaufsr\u00e4umen und auf den\u00a0<u>zugeh\u00f6rigen Parkpl\u00e4tzen<\/u>\u00a0<strong>FFP2-Masken tragen<\/strong>;\u00a0<em>das gilt f\u00fcr den Lebensmittelhandel inklusive Direktvermarktung, Lieferdienste, Getr\u00e4nkem\u00e4rkte, Reformh\u00e4user, Babyfachm\u00e4rkte, Apotheken, Sanit\u00e4tsh\u00e4user, Drogerien, Optiker, H\u00f6rger\u00e4teakustiker, Tankstellen, Kfz-Werkst\u00e4tten, Fahrradwerkst\u00e4tten, Banken und Sparkassen, Filialen des Brief- und Versandhandels, Reinigungen und Waschsalons, den Verkauf von Presseartikeln, Tierbedarf und Futtermittel und sonstige f\u00fcr die t\u00e4gliche Versorgung unverzichtbare Ladengesch\u00e4fte sowie den Gro\u00dfhandel;<\/em><\/li>\n<li>Bereits jetzt ist bei der Abholung von bestellten Waren in Ladengesch\u00e4ften (Click&amp;Collect) eine FFP2-Maske zu tragen. (Anmerkung: Hier muss auch das Personal FF2-Maske tragen)<\/li>\n<li>Maske mit mindestens gleichwertigem genormten Standard gen\u00fcgen der versch\u00e4rften Maskenpflicht ebenfalls (zum Beispiel KN95 oder N95-Masken)<\/li>\n<li>die versch\u00e4rfte Maskenpflicht gilt nicht f\u00fcr Kinder zwischen dem sechsten und dem 15. Geburtstag. Diese m\u00fcssen wie bisher nur eine Mund-Nasen-Bedeckung tragen.<\/li>\n<li>Die FFP2-Maske ist in s\u00e4mtlichen zum \u00d6ffentlichen Personennahverkehr geh\u00f6renden Einrichtungen zu tragen, also auch an Haltestellen.<\/li>\n<li>M\u00fcssen Schwangere auch FFP2 treagen? Ja &#8211; Eine spezielle Ausnahme f\u00fcr Schwangere ist derzeit nicht vorgesehen, es gelten weiterhin die allgemeinen Ausnahmen. Der besondere Schutz von Schwangeren und ihrer ungeborenen Kinder spricht in der Regel f\u00fcr die regelm\u00e4\u00dfig kurzzeitige Verwendung von FFP2-Masken in Risikokonstellationen.<\/li>\n<\/ul>\n<p style=\"font-weight: 400\">Auf weitere Bereiche mit Kundenkontakt erstreckt sich die versch\u00e4rfte Maskenpflicht bisher nicht.<\/p>\n<p style=\"font-weight: 400\"><strong>Anmerkungen:<\/strong><\/p>\n<ul style=\"font-weight: 400\">\n<li>auch wenn die Pflicht unmittelbar ab dem 18. Januar 2021 gelten soll, sollen f\u00fcr eine \u00dcbergangswoche (18. Januar 2021 bis 25. Januar 2021) keine Bu\u00dfgelder verh\u00e4ngt werden;<\/li>\n<li>Vorgaben zur &#8222;Frische&#8220; der Maske, das hei\u00dft zur Tragedauer und Mehrfachverwendung der Maske, gibt es nicht;<\/li>\n<li>es\u00a0<strong><u>sollen<\/u><\/strong>\u00a0nur entsprechende Masken ohne Ausatemventil genutzt werden.\u00a0<em>(Anmerkung: Sie sind aber dennoch zul\u00e4ssig)<\/em><\/li>\n<li>Das FFP2-Maskenerfordernis soll nicht f\u00fcr die generelle Maskenpflicht am Arbeitsplatz. Hier sind weiterhin sogenannte Community &#8211; beziehungsweise Alltagsmasken zul\u00e4ssig (soweit nicht speziellere Regelungen f\u00fcr den konkreten Arbeitsplatz Masken mit bestimmten Anfordernissen vorschreiben).<\/li>\n<\/ul>\n<p style=\"font-weight: 400\">Wir haben Ihnen f\u00fcr Ihr Einzelhandelsgesch\u00e4ft ein Plakat erstellt, um an T\u00fcr oder im Eingangsbereich auf die neue Maskensituation hinweisen zu k\u00f6nnen<\/p>\n<ul style=\"font-weight: 400\">\n<li><strong><a href=\"https:\/\/verteiler.bds-bayern.de\/newsletter\/link.php?link=00_02_04_DA_2D4_62F14-03-01-DB4BE4F4B4FA803FDF10CDD544421D27-299FF273208346D792\">Plakat FFP2 Maskenpflicht<\/a><\/strong><\/li>\n<\/ul>\n<p style=\"font-weight: 400\">Beste Gr\u00fc\u00dfe und bleiben Sie gesund!<\/p>\n<p>Ihr Bezirksvorstand \/ Bezirksgesch\u00e4ftsf\u00fchrung Schwaben<\/p>\n<p>&nbsp;<\/p>\n","protected":false},"excerpt":{"rendered":"<p>Liebe Mitgliedsunternehmen, jetzt hat uns auch der Verordnungstext erreicht, der nochmal ein paar Konkretisierungen enth\u00e4lt: Neue Information FFP2-Maskenpflicht Ab dem 18. Januar 2021 gilt eine Verpflichtung zum Tragen einer FFP2-Maske im \u00d6ffentlichen Personennahverkehr und f\u00fcr Kunden im Handel. Dies ergibt sich aus der\u00a0\u00c4nderung der 11. Bayerischen Infektionsschutzma\u00dfnahmenverordnung\u00a0vom 15. Januar 2021. Wesentliche Vorgaben Aus dem Wortlaut&hellip;<\/p>\n","protected":false},"author":34,"featured_media":926,"comment_status":"open","ping_status":"open","sticky":false,"template":"","format":"standard","meta":{"footnotes":""},"categories":[1],"tags":[],"class_list":["post-923","post","type-post","status-publish","format-standard","has-post-thumbnail","hentry","category-allgemein","category-1","description-off"],"_links":{"self":[{"href":"https:\/\/www.bds-bayern.de\/bezirkschwaben\/wp-json\/wp\/v2\/posts\/923","targetHints":{"allow":["GET"]}}],"collection":[{"href":"https:\/\/www.bds-bayern.de\/bezirkschwaben\/wp-json\/wp\/v2\/posts"}],"about":[{"href":"https:\/\/www.bds-bayern.de\/bezirkschwaben\/wp-json\/wp\/v2\/types\/post"}],"author":[{"embeddable":true,"href":"https:\/\/www.bds-bayern.de\/bezirkschwaben\/wp-json\/wp\/v2\/users\/34"}],"replies":[{"embeddable":true,"href":"https:\/\/www.bds-bayern.de\/bezirkschwaben\/wp-json\/wp\/v2\/comments?post=923"}],"version-history":[{"count":1,"href":"https:\/\/www.bds-bayern.de\/bezirkschwaben\/wp-json\/wp\/v2\/posts\/923\/revisions"}],"predecessor-version":[{"id":925,"href":"https:\/\/www.bds-bayern.de\/bezirkschwaben\/wp-json\/wp\/v2\/posts\/923\/revisions\/925"}],"wp:featuredmedia":[{"embeddable":true,"href":"https:\/\/www.bds-bayern.de\/bezirkschwaben\/wp-json\/wp\/v2\/media\/926"}],"wp:attachment":[{"href":"https:\/\/www.bds-bayern.de\/bezirkschwaben\/wp-json\/wp\/v2\/media?parent=923"}],"wp:term":[{"taxonomy":"category","embeddable":true,"href":"https:\/\/www.bds-bayern.de\/bezirkschwaben\/wp-json\/wp\/v2\/categories?post=923"},{"taxonomy":"post_tag","embeddable":true,"href":"https:\/\/www.bds-bayern.de\/bezirkschwaben\/wp-json\/wp\/v2\/tags?post=923"}],"curies":[{"name":"wp","href":"https:\/\/api.w.org\/{rel}","templated":true}]}}