{"id":976,"date":"2021-03-15T18:25:51","date_gmt":"2021-03-15T17:25:51","guid":{"rendered":"https:\/\/www.bds-bayern.de\/bezirkschwaben\/?p=976"},"modified":"2021-03-15T18:41:12","modified_gmt":"2021-03-15T17:41:12","slug":"miteinander-fuereinander-die-grosse-aktion-bei-uns-im-schwaebischen-bds-ortsverband-koenigsbrunn","status":"publish","type":"post","link":"https:\/\/www.bds-bayern.de\/bezirkschwaben\/miteinander-fuereinander-die-grosse-aktion-bei-uns-im-schwaebischen-bds-ortsverband-koenigsbrunn\/","title":{"rendered":"&#8222;Miteinander F\u00fcreinander&#8220; &#8211; die gro\u00dfe Aktion bei uns im schw\u00e4bischen BDS-Ortsverband K\u00f6nigsbrunn!"},"content":{"rendered":"<h3><strong>So geht\u00b4s!<\/strong><\/h3>\n<p class=\"kvgmc6g5 cxmmr5t8 oygrvhab hcukyx3x c1et5uql ii04i59q\"><strong>&#8222;Miteinander F\u00fcreinander&#8220; &#8211; die gro\u00dfe Aktion bei uns im BDS-Ortsverband K\u00f6nigsbrunn: Jetzt der Beitrag im &#8222;K\u00f6nigsbrunner&#8220; im Verbund der Augsburger Allgemeinen, auch auf der Titelseite!<\/strong><\/p>\n<p><strong>Ach ja, und wussten Sie schon, wer die BDS-Ortsvorsitzende ist? Nun, alle B\u00fcrger und Unternehmer in K\u00f6nigsbrunn wissen es jetzt &#8211; das war n\u00e4mlich gleich die zweite Frage im gro\u00dfen &#8222;myheimat-K\u00f6nigsbrunn-R\u00e4tsel&#8220;.<\/strong><\/p>\n<p class=\"o9v6fnle cxmmr5t8 oygrvhab hcukyx3x c1et5uql ii04i59q\"><strong>Weiter so, K\u00f6nigsbrunn &#8211; der BDS-Bezirk Schwaben ist stolz auf Euch!<\/strong><\/p>\n<p>&nbsp;<\/p>\n<p><a class=\"dt-pswp-item\" href=\"https:\/\/www.bds-bayern.de\/bezirkschwaben\/wp-content\/uploads\/sites\/38\/2021\/03\/TitelKB2.jpg\" data-dt-img-description=\"\" data-large_image_width=\"606\" data-large_image_height=\"851\"><img loading=\"lazy\" decoding=\"async\" class=\"alignnone size-full wp-image-978\" src=\"https:\/\/www.bds-bayern.de\/bezirkschwaben\/wp-content\/uploads\/sites\/38\/2021\/03\/TitelKB2.jpg\" alt=\"\" width=\"606\" height=\"851\" srcset=\"https:\/\/www.bds-bayern.de\/bezirkschwaben\/wp-content\/uploads\/sites\/38\/2021\/03\/TitelKB2.jpg 606w, https:\/\/www.bds-bayern.de\/bezirkschwaben\/wp-content\/uploads\/sites\/38\/2021\/03\/TitelKB2-214x300.jpg 214w\" sizes=\"auto, (max-width: 606px) 100vw, 606px\" \/><\/a><a class=\"dt-pswp-item\" href=\"https:\/\/www.bds-bayern.de\/bezirkschwaben\/wp-content\/uploads\/sites\/38\/2021\/03\/Titel_Koenigsbrunner.jpg\" data-dt-img-description=\"\" data-large_image_width=\"630\" data-large_image_height=\"880\"><img loading=\"lazy\" decoding=\"async\" class=\"alignnone size-full wp-image-979\" src=\"https:\/\/www.bds-bayern.de\/bezirkschwaben\/wp-content\/uploads\/sites\/38\/2021\/03\/Titel_Koenigsbrunner.jpg\" alt=\"\" width=\"630\" height=\"880\" srcset=\"https:\/\/www.bds-bayern.de\/bezirkschwaben\/wp-content\/uploads\/sites\/38\/2021\/03\/Titel_Koenigsbrunner.jpg 630w, https:\/\/www.bds-bayern.de\/bezirkschwaben\/wp-content\/uploads\/sites\/38\/2021\/03\/Titel_Koenigsbrunner-215x300.jpg 215w\" sizes=\"auto, (max-width: 630px) 100vw, 630px\" \/><\/a><a class=\"dt-pswp-item\" href=\"https:\/\/www.bds-bayern.de\/bezirkschwaben\/wp-content\/uploads\/sites\/38\/2021\/03\/TitelKB4.jpg\" data-dt-img-description=\"\" data-large_image_width=\"623\" data-large_image_height=\"860\"><img loading=\"lazy\" decoding=\"async\" class=\"alignnone size-full wp-image-980\" src=\"https:\/\/www.bds-bayern.de\/bezirkschwaben\/wp-content\/uploads\/sites\/38\/2021\/03\/TitelKB4.jpg\" alt=\"\" width=\"623\" height=\"860\" srcset=\"https:\/\/www.bds-bayern.de\/bezirkschwaben\/wp-content\/uploads\/sites\/38\/2021\/03\/TitelKB4.jpg 623w, https:\/\/www.bds-bayern.de\/bezirkschwaben\/wp-content\/uploads\/sites\/38\/2021\/03\/TitelKB4-217x300.jpg 217w\" sizes=\"auto, (max-width: 623px) 100vw, 623px\" \/><\/a><\/p>\n","protected":false},"excerpt":{"rendered":"<p>So geht\u00b4s! &#8222;Miteinander F\u00fcreinander&#8220; &#8211; die gro\u00dfe Aktion bei uns im BDS-Ortsverband K\u00f6nigsbrunn: Jetzt der Beitrag im &#8222;K\u00f6nigsbrunner&#8220; im Verbund der Augsburger Allgemeinen, auch auf der Titelseite! Ach ja, und wussten Sie schon, wer die BDS-Ortsvorsitzende ist? Nun, alle B\u00fcrger und Unternehmer in K\u00f6nigsbrunn wissen es jetzt &#8211; das war n\u00e4mlich gleich die zweite Frage&hellip;<\/p>\n","protected":false},"author":45,"featured_media":977,"comment_status":"open","ping_status":"open","sticky":false,"template":"","format":"standard","meta":{"footnotes":""},"categories":[16],"tags":[],"class_list":["post-976","post","type-post","status-publish","format-standard","has-post-thumbnail","hentry","category-bezirksverband","category-16","description-off"],"_links":{"self":[{"href":"https:\/\/www.bds-bayern.de\/bezirkschwaben\/wp-json\/wp\/v2\/posts\/976","targetHints":{"allow":["GET"]}}],"collection":[{"href":"https:\/\/www.bds-bayern.de\/bezirkschwaben\/wp-json\/wp\/v2\/posts"}],"about":[{"href":"https:\/\/www.bds-bayern.de\/bezirkschwaben\/wp-json\/wp\/v2\/types\/post"}],"author":[{"embeddable":true,"href":"https:\/\/www.bds-bayern.de\/bezirkschwaben\/wp-json\/wp\/v2\/users\/45"}],"replies":[{"embeddable":true,"href":"https:\/\/www.bds-bayern.de\/bezirkschwaben\/wp-json\/wp\/v2\/comments?post=976"}],"version-history":[{"count":6,"href":"https:\/\/www.bds-bayern.de\/bezirkschwaben\/wp-json\/wp\/v2\/posts\/976\/revisions"}],"predecessor-version":[{"id":986,"href":"https:\/\/www.bds-bayern.de\/bezirkschwaben\/wp-json\/wp\/v2\/posts\/976\/revisions\/986"}],"wp:featuredmedia":[{"embeddable":true,"href":"https:\/\/www.bds-bayern.de\/bezirkschwaben\/wp-json\/wp\/v2\/media\/977"}],"wp:attachment":[{"href":"https:\/\/www.bds-bayern.de\/bezirkschwaben\/wp-json\/wp\/v2\/media?parent=976"}],"wp:term":[{"taxonomy":"category","embeddable":true,"href":"https:\/\/www.bds-bayern.de\/bezirkschwaben\/wp-json\/wp\/v2\/categories?post=976"},{"taxonomy":"post_tag","embeddable":true,"href":"https:\/\/www.bds-bayern.de\/bezirkschwaben\/wp-json\/wp\/v2\/tags?post=976"}],"curies":[{"name":"wp","href":"https:\/\/api.w.org\/{rel}","templated":true}]}}