{"id":654,"date":"2023-09-20T13:54:19","date_gmt":"2023-09-20T11:54:19","guid":{"rendered":"https:\/\/www.bds-bayern.de\/diessen\/?p=654"},"modified":"2023-09-20T13:54:19","modified_gmt":"2023-09-20T11:54:19","slug":"22-marktsonntag-in-diessen-war-ein-voller-erfolg","status":"publish","type":"post","link":"https:\/\/www.bds-bayern.de\/diessen\/22-marktsonntag-in-diessen-war-ein-voller-erfolg\/","title":{"rendered":"22. Marktsonntag in Die\u00dfen war ein voller Erfolg!"},"content":{"rendered":"<p>Nach vielen Wochen Vorarbeit des Gewerbeverbands Die\u00dfen war es am vergangenen Sonntag endlich so weit. Der 22. Marktsonntag konnte starten. Bei perfektem Marktwetter er\u00f6ffneten die B\u00fcrgermeisterin Sandra Perzul und der Verbandsvorsitzende Michael Franke unterst\u00fctzt durch den Musikverein Die\u00dfen um kurz nach 11.00 Uhr den Markt. Es herrschte bis zum Ende des Marktbetriebs um 17.00 Uhr gro\u00dfer Betrieb in der gesamten M\u00fchlstra\u00dfe und am Unterm\u00fcllerplatz um die 39 teilnehmenden Marktst\u00e4nde. Und auch die 14 teilnehmenden Gesch\u00e4fte in der Hofmark, der M\u00fchl-, Herren-, Prinz-Ludwig- und Johannisstra\u00dfe konnten sich \u00fcber mangelndes Interesse der Besucher nicht beklagen. F\u00fcr Unterhaltung sorgten am Unterm\u00fcllerplatz die teilnehmenden Vereine (ASV und MTV Die\u00dfen), der Heimat- und Trachtenverein Die\u00dfen, das Team von Krav Maga Selbstverteidigungskunst und die Oldie Blues Connection (OBC) mit Livemusik. Zudem konnten sich Gro\u00df und Klein an den Waterballs oder dem Bungeetrampolin probieren. Und die Mutigen wagten den Flug mit dem Air Emotion Flieger auf 40 Metern H\u00f6he. Kurz gesagt: Es war ein wunderbarer Tag ohne jeden Zwischenfall.<\/p>\n<p><!--more-->Unser Dank gilt der B\u00fcrgermeisterin Sandra Perzul, die uns gemeinsam mit den KollegInnen des Rathauses gro\u00dfartig unterst\u00fctzte, dem Musikverein Die\u00dfen, welcher der Er\u00f6ffnung einen w\u00fcrdigen Rahmen gab, den Sponsoren Sparkasse Landsberg-Die\u00dfen, VR Bank Landsberg-Ammersee eG und der Vallox GmbH, die f\u00fcr die Umsetzung des Marktes unerl\u00e4sslich waren.<\/p>\n<p>Zudem allen StandbetreiberInnen und Gesch\u00e4ftsinhaberInnen sowie allen G\u00e4sten, die den Markt mit buntem Leben erf\u00fcllten. Vor allem den teilnehmenden Gastronomen Unterbr\u00e4u, essen\u00b4sArt und die Fischerei Mastaller-Gastl. Ohne die spontane Hilfsbereitschaft von Martin und Anna Brink h\u00e4tte der Markt nicht in der Form umgesetzt werden k\u00f6nnen. Erstmals wurde der Kran der Air Emotion nicht mit Diesel, sondern mit Solarstrom aus dem Hause Unterbr\u00e4u betrieben! Wunderbar funktionierte auch die wieder durchgef\u00fchrte Schnitzeljagd durch die Gesch\u00e4fte f\u00fcr die Kinder, die sich \u00fcber die von 13 Gesch\u00e4ften und Gastrobetrieben gestifteten Preise f\u00fcr ihre zusammengebauten Traktoren aus Holz freuen durften.<\/p>\n<p>Es war bunt, es war manchmal laut, ES WAR WUNDERBAR!<\/p>\n<p>Der 22. Die\u00dfener Marktsonntag war ein voller Erfolg. F\u00fcr die Gewerbetreibenden, f\u00fcr unseren Markt Die\u00dfen, f\u00fcr die zahlreichen G\u00e4ste und auch f\u00fcr den Gewerbeverband Die\u00dfen, der sich immer auf neue Mitglieder freut. Interessenten k\u00f6nnen jederzeit Kontakt aufnehmen (m.franke@4apotheken.de).<\/p>\n<p>F\u00fcr den Gewerbeverband Die\u00dfen am Ammersee<\/p>\n<p>Michael Franke<\/p>\n<p>1.Vorsitzender<\/p>\n<p>&nbsp;<\/p>\n<p><strong>Pressekontakt:<\/strong><\/p>\n<p>Michael Franke, Brennereistra\u00dfe 4b, 81375 M\u00fcnchen<\/p>\n<p>Telefon: 0157-82817441, Mail: m.franke@4apotheken.de<\/p>\n","protected":false},"excerpt":{"rendered":"<p>Nach vielen Wochen Vorarbeit des Gewerbeverbands Die\u00dfen war es am vergangenen Sonntag endlich so weit. Der 22. Marktsonntag konnte starten. Bei perfektem Marktwetter er\u00f6ffneten die B\u00fcrgermeisterin Sandra Perzul und der Verbandsvorsitzende Michael Franke unterst\u00fctzt durch den Musikverein Die\u00dfen um kurz nach 11.00 Uhr den Markt. Es herrschte bis zum Ende des Marktbetriebs um 17.00 Uhr&hellip;<\/p>\n","protected":false},"author":60,"featured_media":658,"comment_status":"open","ping_status":"open","sticky":false,"template":"","format":"standard","meta":{"footnotes":""},"categories":[1,12,5],"tags":[19,18,17],"class_list":["post-654","post","type-post","status-publish","format-standard","has-post-thumbnail","hentry","category-allgemein","category-pressedienst","category-pressemeldungen","tag-bds-diessen","tag-gewerbeverband-diessen","tag-marktsonntag","category-1","category-12","category-5","description-off"],"_links":{"self":[{"href":"https:\/\/www.bds-bayern.de\/diessen\/wp-json\/wp\/v2\/posts\/654","targetHints":{"allow":["GET"]}}],"collection":[{"href":"https:\/\/www.bds-bayern.de\/diessen\/wp-json\/wp\/v2\/posts"}],"about":[{"href":"https:\/\/www.bds-bayern.de\/diessen\/wp-json\/wp\/v2\/types\/post"}],"author":[{"embeddable":true,"href":"https:\/\/www.bds-bayern.de\/diessen\/wp-json\/wp\/v2\/users\/60"}],"replies":[{"embeddable":true,"href":"https:\/\/www.bds-bayern.de\/diessen\/wp-json\/wp\/v2\/comments?post=654"}],"version-history":[{"count":1,"href":"https:\/\/www.bds-bayern.de\/diessen\/wp-json\/wp\/v2\/posts\/654\/revisions"}],"predecessor-version":[{"id":660,"href":"https:\/\/www.bds-bayern.de\/diessen\/wp-json\/wp\/v2\/posts\/654\/revisions\/660"}],"wp:featuredmedia":[{"embeddable":true,"href":"https:\/\/www.bds-bayern.de\/diessen\/wp-json\/wp\/v2\/media\/658"}],"wp:attachment":[{"href":"https:\/\/www.bds-bayern.de\/diessen\/wp-json\/wp\/v2\/media?parent=654"}],"wp:term":[{"taxonomy":"category","embeddable":true,"href":"https:\/\/www.bds-bayern.de\/diessen\/wp-json\/wp\/v2\/categories?post=654"},{"taxonomy":"post_tag","embeddable":true,"href":"https:\/\/www.bds-bayern.de\/diessen\/wp-json\/wp\/v2\/tags?post=654"}],"curies":[{"name":"wp","href":"https:\/\/api.w.org\/{rel}","templated":true}]}}