{"id":718,"date":"2023-11-16T13:36:40","date_gmt":"2023-11-16T12:36:40","guid":{"rendered":"https:\/\/www.bds-bayern.de\/diessen\/?p=718"},"modified":"2023-11-16T13:36:40","modified_gmt":"2023-11-16T12:36:40","slug":"diessen-leuchtet-am-30-11-2023","status":"publish","type":"post","link":"https:\/\/www.bds-bayern.de\/diessen\/diessen-leuchtet-am-30-11-2023\/","title":{"rendered":"Die\u00dfen leuchtet am 30.11.2023"},"content":{"rendered":"<p><strong>\u201eDie\u00dfen leuchtet\u201c wieder!!<\/strong><\/p>\n<p><strong>am 30.11.2023 in der Zeit von 17 bis 22 Uhr<\/strong><\/p>\n<p>Laternenkinder werden noch gesucht!<\/p>\n<p>Wir freuen uns auch in diesem Jahr \u00fcber eine gro\u00dfe Zahl unterschiedlicher Teilnehmer:innen, wenn Die\u00dfen endlich wieder leuchtet! Von der Herrenstra\u00dfe \u00fcber den Marktplatz bis zum Diez \u00f6ffnen 21 Ladengesch\u00e4fte und 10 Gastronomiebetriebe f\u00fcr uns alle.<br \/>\nDaneben erwarten der Elternbeirat der Carl-Orff Schule, der Naturkindergarten Die\u00dfen, die Wasserwacht Die\u00dfen und die Die\u00dfener Tafel (Blaues Haus) an ihren St\u00e4nden neugierige Besucher:innen.<br \/>\nFolgende H\u00f6hepunkte erwarten die Besucher:innen:<br \/>\nUm 17.15 Uhr treffen sich die Die\u00dfener Kinder zu einem offenen Laternenumzug in der Herrenstra\u00dfe auf H\u00f6he des Reformhauses Loh. Musikalisch angef\u00fchrt wird der Laternenumzug, der beim Diez am Unterm\u00fcllerplatz endet, von Frau Pimpernella Pumpelsack. Jedes teilnehmende Kind erh\u00e4lt am Ziel auch ein kleines Geschenk.<br \/>\nUm 18.30 Uhr k\u00f6nnen die Besucher:innen die Feuershow \u201eAkela\u201c in der Herrenstra\u00dfe auf H\u00f6he des Reformhauses Loh bestaunen. Um 19.30 Uhr geben sich die Ammertaler Alphornbl\u00e4ser in der Herrenstra\u00dfe auf H\u00f6he der Zinnmanufaktur Wilhelm Schweizer die Ehre eines kleinen Konzertsets.<br \/>\nUm 20.00 Uhr startet die Sambashow Pura Vida einen rhythmischen Umzug vom Unterm\u00fcllerplatz durch die M\u00fchlstra\u00dfe. Um 21.00 Uhr wird ein zweites mal die Feuershow \u201eAkela\u201c die Herzen der Besucher:innen am Unterm\u00fcllerplatz h\u00f6her schlagen lassen. Den Abschluss eines stimmungsvollen Abends im Zentrum von Die\u00dfen machen um 21.45 Uhr die Ammertaler Alphornbl\u00e4ser am Unterm\u00fcllerplatz.<br \/>\nBegleitend werden Sie die Landsberger Stelzer mit ihren Walking Acts begeistern. F\u00fcr die stimmungsvolle Beleuchtung im Zentrum Die\u00dfens wird wieder die Firma Prolight Veranstaltungstechnik sorgen, die daf\u00fcr energiesparende mit \u00d6kostrom gespeiste LED Technik einsetzen wird.<br \/>\nF\u00fcr den Laternenumzug suchen wir noch m\u00f6glichst viele Kinder, die an diesem Abend noch einmal ihre Laternen pr\u00e4sentieren k\u00f6nnen. Bei Interesse an einer Teilnahme melden Sie sich bitte bei Frau Simone Cardinale per Mail (sergio.cardinale@googlemail.com). Gerne k\u00f6nnen Kinder sich in Begleitung Ihrer Eltern auch spontan dem Umzug anschlie\u00dfen.<br \/>\nDer Gewerbeverband Die\u00dfen bedankt sich an dieser Stelle herzlich f\u00fcr die gro\u00dfartige Unterst\u00fctzung folgender Sponsoren:<\/p>\n<p><strong>Sparkasse Landsberg-Die\u00dfen, VR Bank Landsberg Ammersee e.G. und Vallox GmbH Die\u00dfen<\/strong><\/p>\n<p>Folgende Ladengesch\u00e4fte werden f\u00fcr die Besucher:innen ge\u00f6ffnet sein:<br \/>\nAdebar am Ammersee, Ammersee K\u00fcchenstudio, Ammerseeliebe, Atelier Inge Frank, Feine Fummel GbR, Josef Hudler Haushalt, Glas, Porzellan, Kistentoyferl, LA13 Simone Dicks, Lissi Rott, Loh GmbH, Matt Optik, Modehaus Huber, Optik Koch, Prinz Ludwig No6, Rinneberg-Gestalt, R\u00f6mhild Apotheke, Sparkasse Landsberg-Die\u00dfen, Vetus Lignum, VR Bank Landsberg-Ammersee eG, Weibsbilder, Wilhelm Schweizer Zinnmanufaktur GmbH<\/p>\n<p>Unser Dank gilt folgenden Gastronomiebetrieben, die diese Veranstaltung unterst\u00fctzen und ge\u00f6ffnet haben:<\/p>\n<p>Cafe See You, Del Sur Restobar, Eiscafe Venezia, Essens ART, Feneberg Grill, Fischfachgesch\u00e4ft Gastl, Gasthof Unterbr\u00e4u, Heidi`s Catering GmbH, Michihochzwei und das Restaurant Thymian.<\/p>\n<p>F\u00fcr den Gewerbeverband Die\u00dfen am Ammersee<br \/>\nMichael Franke<br \/>\n1.Vorsitzender<\/p>\n","protected":false},"excerpt":{"rendered":"<p>\u201eDie\u00dfen leuchtet\u201c wieder!! am 30.11.2023 in der Zeit von 17 bis 22 Uhr Laternenkinder werden noch gesucht! Wir freuen uns auch in diesem Jahr \u00fcber eine gro\u00dfe Zahl unterschiedlicher Teilnehmer:innen, wenn Die\u00dfen endlich wieder leuchtet! Von der Herrenstra\u00dfe \u00fcber den Marktplatz bis zum Diez \u00f6ffnen 21 Ladengesch\u00e4fte und 10 Gastronomiebetriebe f\u00fcr uns alle. Daneben erwarten&hellip;<\/p>\n","protected":false},"author":60,"featured_media":713,"comment_status":"open","ping_status":"open","sticky":false,"template":"","format":"standard","meta":{"footnotes":""},"categories":[1,7],"tags":[19,22],"class_list":["post-718","post","type-post","status-publish","format-standard","has-post-thumbnail","hentry","category-allgemein","category-presse-veroeffentlichungen","tag-bds-diessen","tag-diessen-leuchtet","category-1","category-7","description-off"],"_links":{"self":[{"href":"https:\/\/www.bds-bayern.de\/diessen\/wp-json\/wp\/v2\/posts\/718","targetHints":{"allow":["GET"]}}],"collection":[{"href":"https:\/\/www.bds-bayern.de\/diessen\/wp-json\/wp\/v2\/posts"}],"about":[{"href":"https:\/\/www.bds-bayern.de\/diessen\/wp-json\/wp\/v2\/types\/post"}],"author":[{"embeddable":true,"href":"https:\/\/www.bds-bayern.de\/diessen\/wp-json\/wp\/v2\/users\/60"}],"replies":[{"embeddable":true,"href":"https:\/\/www.bds-bayern.de\/diessen\/wp-json\/wp\/v2\/comments?post=718"}],"version-history":[{"count":1,"href":"https:\/\/www.bds-bayern.de\/diessen\/wp-json\/wp\/v2\/posts\/718\/revisions"}],"predecessor-version":[{"id":719,"href":"https:\/\/www.bds-bayern.de\/diessen\/wp-json\/wp\/v2\/posts\/718\/revisions\/719"}],"wp:featuredmedia":[{"embeddable":true,"href":"https:\/\/www.bds-bayern.de\/diessen\/wp-json\/wp\/v2\/media\/713"}],"wp:attachment":[{"href":"https:\/\/www.bds-bayern.de\/diessen\/wp-json\/wp\/v2\/media?parent=718"}],"wp:term":[{"taxonomy":"category","embeddable":true,"href":"https:\/\/www.bds-bayern.de\/diessen\/wp-json\/wp\/v2\/categories?post=718"},{"taxonomy":"post_tag","embeddable":true,"href":"https:\/\/www.bds-bayern.de\/diessen\/wp-json\/wp\/v2\/tags?post=718"}],"curies":[{"name":"wp","href":"https:\/\/api.w.org\/{rel}","templated":true}]}}