{"id":721,"date":"2023-11-23T15:13:38","date_gmt":"2023-11-23T14:13:38","guid":{"rendered":"https:\/\/www.bds-bayern.de\/diessen\/?p=721"},"modified":"2023-11-23T15:13:38","modified_gmt":"2023-11-23T14:13:38","slug":"pop-up-store-im-herzen-diessens","status":"publish","type":"post","link":"https:\/\/www.bds-bayern.de\/diessen\/pop-up-store-im-herzen-diessens\/","title":{"rendered":"Pop Up Store im Herzen Die\u00dfens"},"content":{"rendered":"<p><strong>Neues Leben in der Prinz-Ludwig-Stra\u00dfe 2 in Die\u00dfen<\/strong><\/p>\n<p>Seit dem Auszug des ehemaligen \u201eKrempels\u201c vor fast einem Jahr im November 2022 war das Ladengesch\u00e4ft im Herzen Die\u00dfens verwaist. F\u00fcr das Geb\u00e4ude, das sich im Gemeindebesitz befindet, werden aktuell Pl\u00e4ne f\u00fcr die r\u00e4umliche Erweiterung des Rathauses erstellt. Bis diese Umbauma\u00dfnahmen starten, hat sich der Gewerbeverband Die\u00dfen etwas Besonderes einfallen lassen.<br \/>\nSeit dem 20. November ist der Gewerbeverband Die\u00dfen in Zusammenarbeit mit dem Dachverband BdS (Bund der Selbstst\u00e4ndigen) Mieter der Gesch\u00e4ftsr\u00e4ume. Nicht mit dem Ziel einer Eigennutzung, sondern mit dem Ziel die R\u00e4ume in dieser zentralen Lage monatsweise an Mitgliedsunternehmen des Gewerbeverbands oder auch anderen lokalen Anbietern f\u00fcr Sonderaktionen zu einer kostendeckenden Miete unterzuvermieten.<\/p>\n<p>Damit werden gleich mehrere Problemstellungen gel\u00f6st. Die R\u00e4ume werden genutzt und dadurch auch in einem guten Zustand erhalten, das Ortsbild erh\u00e4lt eine deutliche Aufwertung, lokale Gewerbetreibende bekommen eine gro\u00dfartige M\u00f6glichkeit sich zu pr\u00e4sentieren und nicht zuletzt hat die Gemeinde in der Zeit des \u00dcbergangs Mieteinnahmen auf der Habenseite. Diese tempor\u00e4re Anmietung hat also ausschlie\u00dflich positive Effekte f\u00fcr<br \/>\nunseren Markt Die\u00dfen.<\/p>\n<p>Den Auftakt machen seit Donnerstag, den 23.11.2023 Andrea Frahm und Jan Dicks, die den \u201ePop Up Store Die\u00dfen\u201c um Punkt 12.00 Uhr mit einem Gemeinschaftskonzept \u201eADEBAR &amp; LA13\u201c er\u00f6ffnet haben. Bis zum 15.12.2023 gibt es seit dem 23.11.2023 hochwertige Designer Damenmode, handgefertigten Schmuck, Accessoires, sowie Bilder, Damen &amp; Herrenmode, Wohnaccessoires, Weihnachtsdeko&#8230;. vieles zu attraktiven Preisen zu sehen und zu kaufen. Ein spannender Auftakt, der zeigt, dass vieles gemeinsam besser geht.<br \/>\nWir suchen ab sofort interessierte Gewerbetreibende aus unserer Gemeinde, die diesen Versuch wagen m\u00f6chten. Gerne Gemeinschaftsprojekte verschiedener Gesch\u00e4fte. Kontaktperson f\u00fcr die tempor\u00e4re Untervermietung der Ladenfl\u00e4chen ist der 3. Vorsitzende des Gewerbeverbands Jan Dicks (Tel.\/whatsApp 0173-2686883).<\/p>\n<p>Wir bedanken uns herzlich bei der Gemeinde Die\u00dfen, namentlich Frau B\u00fcrgermeisterin Sandra Perzul und bei K\u00e4mmerer Herrn Gunther F\u00fc\u00dfle f\u00fcr die kooperative und unkomplizierte Zusammenarbeit. Das war \u00fcberragend!<\/p>\n<p>Zum Schluss w\u00fcrden wir uns riesig freuen, wenn dieses Angebot eine positive Resonanz bei<br \/>\nden Einwohnern und Besuchern unseres Marktes Die\u00dfen erzielen w\u00fcrde.<\/p>\n<p>F\u00fcr den Gewerbeverband Die\u00dfen am Ammersee<br \/>\nMichael Franke<br \/>\n1.Vorsitzender<\/p>\n","protected":false},"excerpt":{"rendered":"<p>Neues Leben in der Prinz-Ludwig-Stra\u00dfe 2 in Die\u00dfen Seit dem Auszug des ehemaligen \u201eKrempels\u201c vor fast einem Jahr im November 2022 war das Ladengesch\u00e4ft im Herzen Die\u00dfens verwaist. F\u00fcr das Geb\u00e4ude, das sich im Gemeindebesitz befindet, werden aktuell Pl\u00e4ne f\u00fcr die r\u00e4umliche Erweiterung des Rathauses erstellt. Bis diese Umbauma\u00dfnahmen starten, hat sich der Gewerbeverband Die\u00dfen&hellip;<\/p>\n","protected":false},"author":60,"featured_media":722,"comment_status":"open","ping_status":"open","sticky":false,"template":"","format":"standard","meta":{"footnotes":""},"categories":[1],"tags":[],"class_list":["post-721","post","type-post","status-publish","format-standard","has-post-thumbnail","hentry","category-allgemein","category-1","description-off"],"_links":{"self":[{"href":"https:\/\/www.bds-bayern.de\/diessen\/wp-json\/wp\/v2\/posts\/721","targetHints":{"allow":["GET"]}}],"collection":[{"href":"https:\/\/www.bds-bayern.de\/diessen\/wp-json\/wp\/v2\/posts"}],"about":[{"href":"https:\/\/www.bds-bayern.de\/diessen\/wp-json\/wp\/v2\/types\/post"}],"author":[{"embeddable":true,"href":"https:\/\/www.bds-bayern.de\/diessen\/wp-json\/wp\/v2\/users\/60"}],"replies":[{"embeddable":true,"href":"https:\/\/www.bds-bayern.de\/diessen\/wp-json\/wp\/v2\/comments?post=721"}],"version-history":[{"count":1,"href":"https:\/\/www.bds-bayern.de\/diessen\/wp-json\/wp\/v2\/posts\/721\/revisions"}],"predecessor-version":[{"id":723,"href":"https:\/\/www.bds-bayern.de\/diessen\/wp-json\/wp\/v2\/posts\/721\/revisions\/723"}],"wp:featuredmedia":[{"embeddable":true,"href":"https:\/\/www.bds-bayern.de\/diessen\/wp-json\/wp\/v2\/media\/722"}],"wp:attachment":[{"href":"https:\/\/www.bds-bayern.de\/diessen\/wp-json\/wp\/v2\/media?parent=721"}],"wp:term":[{"taxonomy":"category","embeddable":true,"href":"https:\/\/www.bds-bayern.de\/diessen\/wp-json\/wp\/v2\/categories?post=721"},{"taxonomy":"post_tag","embeddable":true,"href":"https:\/\/www.bds-bayern.de\/diessen\/wp-json\/wp\/v2\/tags?post=721"}],"curies":[{"name":"wp","href":"https:\/\/api.w.org\/{rel}","templated":true}]}}