{"id":725,"date":"2023-12-03T16:33:05","date_gmt":"2023-12-03T15:33:05","guid":{"rendered":"https:\/\/www.bds-bayern.de\/diessen\/?p=725"},"modified":"2023-12-03T17:27:15","modified_gmt":"2023-12-03T16:27:15","slug":"diessen-leuchtet-2023","status":"publish","type":"post","link":"https:\/\/www.bds-bayern.de\/diessen\/diessen-leuchtet-2023\/","title":{"rendered":"DIESSEN HAT AUCH 2023 GELEUCHTET"},"content":{"rendered":"<p><strong>Die\u00dfen leuchtet 2023<\/strong>\u00a0\u2728\ud83c\udf28\ufe0f<\/p>\n<p>Was f\u00fcr eine Nacht! Trotz des Schneeregens haben wir gemeinsam geleuchtet!<\/p>\n<p><img loading=\"lazy\" decoding=\"async\" class=\"size-medium wp-image-730 aligncenter\" src=\"https:\/\/www.bds-bayern.de\/diessen\/wp-content\/uploads\/sites\/54\/2023\/12\/DL1-300x225.jpg\" alt=\"\" width=\"300\" height=\"225\" srcset=\"https:\/\/www.bds-bayern.de\/diessen\/wp-content\/uploads\/sites\/54\/2023\/12\/DL1-300x225.jpg 300w, https:\/\/www.bds-bayern.de\/diessen\/wp-content\/uploads\/sites\/54\/2023\/12\/DL1-1024x768.jpg 1024w, https:\/\/www.bds-bayern.de\/diessen\/wp-content\/uploads\/sites\/54\/2023\/12\/DL1-768x576.jpg 768w, https:\/\/www.bds-bayern.de\/diessen\/wp-content\/uploads\/sites\/54\/2023\/12\/DL1-1536x1152.jpg 1536w, https:\/\/www.bds-bayern.de\/diessen\/wp-content\/uploads\/sites\/54\/2023\/12\/DL1.jpg 2048w\" sizes=\"auto, (max-width: 300px) 100vw, 300px\" \/><\/p>\n<p>\ud83c\udfee Der Laternenumzug, Feuerkunst, Alphornkl\u00e4nge, leuchtende Trommeln, Gesch\u00e4fte und Augen von Gro\u00df &amp; Klein \u2013 ein Fest voller Magie und Begeisterung!\u00a0\ud83c\udfb6<\/p>\n<p><img loading=\"lazy\" decoding=\"async\" class=\"size-medium wp-image-729 aligncenter\" src=\"https:\/\/www.bds-bayern.de\/diessen\/wp-content\/uploads\/sites\/54\/2023\/12\/DL2-225x300.jpg\" alt=\"\" width=\"225\" height=\"300\" srcset=\"https:\/\/www.bds-bayern.de\/diessen\/wp-content\/uploads\/sites\/54\/2023\/12\/DL2-225x300.jpg 225w, https:\/\/www.bds-bayern.de\/diessen\/wp-content\/uploads\/sites\/54\/2023\/12\/DL2-768x1024.jpg 768w, https:\/\/www.bds-bayern.de\/diessen\/wp-content\/uploads\/sites\/54\/2023\/12\/DL2-1152x1536.jpg 1152w, https:\/\/www.bds-bayern.de\/diessen\/wp-content\/uploads\/sites\/54\/2023\/12\/DL2.jpg 1500w\" sizes=\"auto, (max-width: 225px) 100vw, 225px\" \/>Danke an alle L\u00e4den, Gastronomen, St\u00e4nde, K\u00fcnstler-Gruppen und jedes Helferlein, die diesen strahlenden Abend m\u00f6glich gemacht haben! \ud83d\ude4c\ud83d\udc96<\/p>\n<p><img loading=\"lazy\" decoding=\"async\" class=\"wp-image-728 aligncenter\" src=\"https:\/\/www.bds-bayern.de\/diessen\/wp-content\/uploads\/sites\/54\/2023\/12\/DL4-225x300.jpg\" alt=\"\" width=\"220\" height=\"293\" srcset=\"https:\/\/www.bds-bayern.de\/diessen\/wp-content\/uploads\/sites\/54\/2023\/12\/DL4-225x300.jpg 225w, https:\/\/www.bds-bayern.de\/diessen\/wp-content\/uploads\/sites\/54\/2023\/12\/DL4-768x1024.jpg 768w, https:\/\/www.bds-bayern.de\/diessen\/wp-content\/uploads\/sites\/54\/2023\/12\/DL4-1152x1536.jpg 1152w, https:\/\/www.bds-bayern.de\/diessen\/wp-content\/uploads\/sites\/54\/2023\/12\/DL4.jpg 1500w\" sizes=\"auto, (max-width: 220px) 100vw, 220px\" \/><\/p>\n<p>#Die\u00dfenLeuchtet #Gemeinschaft #MagischeMomente #ammersee #gewerbeverbanddie\u00dfen<\/p>\n","protected":false},"excerpt":{"rendered":"<p>Die\u00dfen leuchtet 2023\u00a0\u2728\ud83c\udf28\ufe0f Was f\u00fcr eine Nacht! Trotz des Schneeregens haben wir gemeinsam geleuchtet! \ud83c\udfee Der Laternenumzug, Feuerkunst, Alphornkl\u00e4nge, leuchtende Trommeln, Gesch\u00e4fte und Augen von Gro\u00df &amp; Klein \u2013 ein Fest voller Magie und Begeisterung!\u00a0\ud83c\udfb6 Danke an alle L\u00e4den, Gastronomen, St\u00e4nde, K\u00fcnstler-Gruppen und jedes Helferlein, die diesen strahlenden Abend m\u00f6glich gemacht haben! \ud83d\ude4c\ud83d\udc96 #Die\u00dfenLeuchtet #Gemeinschaft&hellip;<\/p>\n","protected":false},"author":60,"featured_media":726,"comment_status":"open","ping_status":"open","sticky":false,"template":"","format":"standard","meta":{"footnotes":""},"categories":[1,7,5],"tags":[22],"class_list":["post-725","post","type-post","status-publish","format-standard","has-post-thumbnail","hentry","category-allgemein","category-presse-veroeffentlichungen","category-pressemeldungen","tag-diessen-leuchtet","category-1","category-7","category-5","description-off"],"_links":{"self":[{"href":"https:\/\/www.bds-bayern.de\/diessen\/wp-json\/wp\/v2\/posts\/725","targetHints":{"allow":["GET"]}}],"collection":[{"href":"https:\/\/www.bds-bayern.de\/diessen\/wp-json\/wp\/v2\/posts"}],"about":[{"href":"https:\/\/www.bds-bayern.de\/diessen\/wp-json\/wp\/v2\/types\/post"}],"author":[{"embeddable":true,"href":"https:\/\/www.bds-bayern.de\/diessen\/wp-json\/wp\/v2\/users\/60"}],"replies":[{"embeddable":true,"href":"https:\/\/www.bds-bayern.de\/diessen\/wp-json\/wp\/v2\/comments?post=725"}],"version-history":[{"count":6,"href":"https:\/\/www.bds-bayern.de\/diessen\/wp-json\/wp\/v2\/posts\/725\/revisions"}],"predecessor-version":[{"id":738,"href":"https:\/\/www.bds-bayern.de\/diessen\/wp-json\/wp\/v2\/posts\/725\/revisions\/738"}],"wp:featuredmedia":[{"embeddable":true,"href":"https:\/\/www.bds-bayern.de\/diessen\/wp-json\/wp\/v2\/media\/726"}],"wp:attachment":[{"href":"https:\/\/www.bds-bayern.de\/diessen\/wp-json\/wp\/v2\/media?parent=725"}],"wp:term":[{"taxonomy":"category","embeddable":true,"href":"https:\/\/www.bds-bayern.de\/diessen\/wp-json\/wp\/v2\/categories?post=725"},{"taxonomy":"post_tag","embeddable":true,"href":"https:\/\/www.bds-bayern.de\/diessen\/wp-json\/wp\/v2\/tags?post=725"}],"curies":[{"name":"wp","href":"https:\/\/api.w.org\/{rel}","templated":true}]}}