{"id":745,"date":"2024-01-10T12:39:53","date_gmt":"2024-01-10T11:39:53","guid":{"rendered":"https:\/\/www.bds-bayern.de\/diessen\/?p=745"},"modified":"2024-01-10T12:39:53","modified_gmt":"2024-01-10T11:39:53","slug":"gemeinsamer-jahresempfang-2024","status":"publish","type":"post","link":"https:\/\/www.bds-bayern.de\/diessen\/gemeinsamer-jahresempfang-2024\/","title":{"rendered":"Gemeinsamer Jahresempfang 2024"},"content":{"rendered":"<div>\n<p>Sehr geehrte Damen und Herren,\u00a0<br aria-hidden=\"true\" \/>liebe Mitglieder des Gewerbeverbands Die\u00dfen!\u00a0<br aria-hidden=\"true\" \/>\u00a0\u00a0<br aria-hidden=\"true\" \/>Im Namen des gesamtem Vorstandsteams w\u00fcnsche ich Ihnen ein gesundes und erfolgreiches Jahr 2024. Neben unseren gro\u00dfen Veranstaltungen Fr\u00fchlingsmarkt, Marktsonntag und Die\u00dfen leuchtet planen wir 2024 noch einige weitere Events.<\/p>\n<\/div>\n<div>\n<p>&nbsp;<\/p>\n<\/div>\n<div>\n<p>Ein deutlicher Fokus soll auf unsere Zusammenarbeit mit den Kollegen des Ortsverbands Ammersee Nord-West gelegt werden. Den Auftakt macht dabei ein gemeinsamer Jahresempfang der Ortsverb\u00e4nde\u00a0Die\u00dfen und Ammersee Nord-West<\/p>\n<\/div>\n<div>\n<p>&nbsp;<\/p>\n<\/div>\n<div>\n<p><b>am Donnerstag,\u00a0den 25. Januar 2024 um 19.00 Uhr in der VR-Bank Die\u00dfen, Herrenstra\u00dfe 5.<\/b><\/p>\n<\/div>\n<div>\n<p>\u00a0\u00a0<br aria-hidden=\"true\" \/>Bei einem Sektempfang mit H\u00e4ppchen wird der Vorstandsvorsitzende der VR-Bank Landsberg-Ammersee eG, Stefan J\u00f6rg, uns ein paar Einblicke geben, was uns im Jahr 2024 erwarten wird.\u00a0Gleichzeitig k\u00f6nnen wir die M\u00f6glichkeit nutzen, um mit den Kolleginnen und Kollegen aus Die\u00dfen, Utting und Schondorf\u00a0Kontakte zu schlie\u00dfen und ins Gespr\u00e4ch zu kommen.\u00a0<br aria-hidden=\"true\" \/>\u00a0\u00a0<br aria-hidden=\"true\" \/>Wir freuen uns\u00a0sehr\u00a0auf Sie.<\/p>\n<p>Michael Franke<\/p>\n<p>1.Vorsitzender<\/p>\n<\/div>\n","protected":false},"excerpt":{"rendered":"<p>Sehr geehrte Damen und Herren,\u00a0liebe Mitglieder des Gewerbeverbands Die\u00dfen!\u00a0\u00a0\u00a0Im Namen des gesamtem Vorstandsteams w\u00fcnsche ich Ihnen ein gesundes und erfolgreiches Jahr 2024. Neben unseren gro\u00dfen Veranstaltungen Fr\u00fchlingsmarkt, Marktsonntag und Die\u00dfen leuchtet planen wir 2024 noch einige weitere Events. &nbsp; Ein deutlicher Fokus soll auf unsere Zusammenarbeit mit den Kollegen des Ortsverbands Ammersee Nord-West gelegt werden.&hellip;<\/p>\n","protected":false},"author":60,"featured_media":744,"comment_status":"open","ping_status":"open","sticky":false,"template":"","format":"standard","meta":{"footnotes":""},"categories":[1],"tags":[],"class_list":["post-745","post","type-post","status-publish","format-standard","has-post-thumbnail","hentry","category-allgemein","category-1","description-off"],"_links":{"self":[{"href":"https:\/\/www.bds-bayern.de\/diessen\/wp-json\/wp\/v2\/posts\/745","targetHints":{"allow":["GET"]}}],"collection":[{"href":"https:\/\/www.bds-bayern.de\/diessen\/wp-json\/wp\/v2\/posts"}],"about":[{"href":"https:\/\/www.bds-bayern.de\/diessen\/wp-json\/wp\/v2\/types\/post"}],"author":[{"embeddable":true,"href":"https:\/\/www.bds-bayern.de\/diessen\/wp-json\/wp\/v2\/users\/60"}],"replies":[{"embeddable":true,"href":"https:\/\/www.bds-bayern.de\/diessen\/wp-json\/wp\/v2\/comments?post=745"}],"version-history":[{"count":1,"href":"https:\/\/www.bds-bayern.de\/diessen\/wp-json\/wp\/v2\/posts\/745\/revisions"}],"predecessor-version":[{"id":746,"href":"https:\/\/www.bds-bayern.de\/diessen\/wp-json\/wp\/v2\/posts\/745\/revisions\/746"}],"wp:featuredmedia":[{"embeddable":true,"href":"https:\/\/www.bds-bayern.de\/diessen\/wp-json\/wp\/v2\/media\/744"}],"wp:attachment":[{"href":"https:\/\/www.bds-bayern.de\/diessen\/wp-json\/wp\/v2\/media?parent=745"}],"wp:term":[{"taxonomy":"category","embeddable":true,"href":"https:\/\/www.bds-bayern.de\/diessen\/wp-json\/wp\/v2\/categories?post=745"},{"taxonomy":"post_tag","embeddable":true,"href":"https:\/\/www.bds-bayern.de\/diessen\/wp-json\/wp\/v2\/tags?post=745"}],"curies":[{"name":"wp","href":"https:\/\/api.w.org\/{rel}","templated":true}]}}