{"id":795,"date":"2024-04-17T00:26:58","date_gmt":"2024-04-16T22:26:58","guid":{"rendered":"https:\/\/www.bds-bayern.de\/diessen\/?p=795"},"modified":"2024-04-17T00:26:58","modified_gmt":"2024-04-16T22:26:58","slug":"fruehlingsmarkt-2024-wir-freuen-uns-auf-einen-wunderbaren-tag","status":"publish","type":"post","link":"https:\/\/www.bds-bayern.de\/diessen\/fruehlingsmarkt-2024-wir-freuen-uns-auf-einen-wunderbaren-tag\/","title":{"rendered":"Fr\u00fchlingsmarkt 2024 &#8211; wir freuen uns auf einen wunderbaren Tag!"},"content":{"rendered":"<p><strong>Pressemeldung Gewerbeverband Die\u00dfen am Ammersee<\/strong><\/p>\n<p><strong>\u00a0<\/strong><\/p>\n<p><strong>FR\u00dcHLINGSMARKT in Diessen am Ammersee<\/strong><\/p>\n<p><strong>Flanieren mit Fr\u00fchlingsflair am Sonntag, den 28.04.2024 in der Zeit von 11 bis 17 Uhr<\/strong><\/p>\n<p>&nbsp;<\/p>\n<p>Am 28.04.2024 findet in der Zeit von 11.00 Uhr bis 17.00 Uhr der 2. Die\u00dfener Fr\u00fchlingsmarkt am Unterm\u00fcllerplatz statt.<\/p>\n<p>Wie schon bei der Premiere vor einem Jahr ist es uns wieder gelungen, einen feinen Markt mit regionalen Produkten zu gestalten.<\/p>\n<p><strong>Folgende Marktst\u00e4nde freuen sich auf ihren Besuch:<\/strong><\/p>\n<p>Cordula Wei\u00dfgerber (gen\u00e4hte Artikel), Chr. Saarangi-Rabe (marokkanische Tajine), Heidis Catering (Flammkuchen und Ochsenfetzenburger), Anneliese Weber und Johanna Bosch-Gilch (Wildfruchtmarmeladen, Weidenflechtprodukte, Blumenzwiebeln, Pflanzen), Perger Fruchts\u00e4fte, Al Lago (ital. Spezialit\u00e4ten), Stephan Feneberg (Holzkohlengrill), Luise Walter (individuelle Frauenbekleidung), Milton Sanchez (Harfen), Fischgesch\u00e4ft Gastl (Steckerlfisch und peruanischer Fischsalat), Dr. Artus Pourroy (Bio-Rindfleisch von Gut Romenthal), Ammerseedrechsler, Ammersee Biohof und Ammersee Winery Utting, Wasserwacht Die\u00dfen, Angelika Wei\u00dfgerber (Hylo Wasserstaubsauger).<\/p>\n<p><strong>Dazu haben folgende Gesch\u00e4fte <em>ab 12.00 Uhr<\/em> in Die\u00dfen ge\u00f6ffnet:<\/strong><\/p>\n<p>Ammersee K\u00fcchenstudio, Modehaus Huber, Feine Fummel, LA 13, Hoiss Schuhe, Ammerseeliebe, Kistentoyferl, Lissy Rott, Vetus Lignum, Rinneberg, Wilhelm Schweizer Zinnmanufaktur, Weibsbilder.<\/p>\n<p>Nutzen Sie den entspannten Sonntagnachmittag f\u00fcr einen Besuch!<\/p>\n<p><strong>Folgende Gastronomiebetriebe beteiligen sich aktiv am 2. Die\u00dfener Fr\u00fchlingsmarkt:<\/strong><\/p>\n<p>Seefelder Hof, Gasthof Unterbr\u00e4u, michihochzwei, Cafe See You, Del Sur, Ammara, Al Lago und der Fischereibetrieb Gastl.<\/p>\n<p><strong>Vielen Dank f\u00fcr die Unterst\u00fctzung!<\/strong><\/p>\n<p>Der Markt wird um 11.00 Uhr durch die B\u00fcrgermeisterin Sandra Perzul und den Gewerbeverbandsvorsitzenden Michael Franke er\u00f6ffnet.<\/p>\n<p>Speziell f\u00fcr die Kinder haben sich die Veranstalter zwei besondere Aktionen einfallen lassen.<\/p>\n<p>Um 13.00 Uhr sorgt \u201e<strong>Die Gittlerin<\/strong>\u201c am Stand des Gewerbeverbands am Unterm\u00fcllerplatz f\u00fcr jede Menge Gaudi und Spektakel.<\/p>\n<p>Zudem k\u00f6nnen sich die Kinder bei einer kleinen Schnitzeljagd durch die Die\u00dfener Gesch\u00e4ftswelt eine k\u00f6stlich-kalte Belohnung verdienen.<\/p>\n<p>Der Gewerbeverband Die\u00dfen freut sich sehr auf diese Veranstaltung, die auch in 2024 den Reigen der Veranstaltungen in Die\u00dfen einl\u00e4utet.<\/p>\n<p>F\u00fcr den Gewerbeverband Die\u00dfen am Ammersee<\/p>\n<p>Michael Franke<\/p>\n<p>1.Vorsitzender<\/p>\n<p>Pressekontakt:<\/p>\n<p>Michael Franke, Brennereistra\u00dfe 4b, 81375 M\u00fcnchen<\/p>\n<p>Telefon: 0157-82817441, Mail: m.franke@4apotheken.de<\/p>\n","protected":false},"excerpt":{"rendered":"<p>Pressemeldung Gewerbeverband Die\u00dfen am Ammersee \u00a0 FR\u00dcHLINGSMARKT in Diessen am Ammersee Flanieren mit Fr\u00fchlingsflair am Sonntag, den 28.04.2024 in der Zeit von 11 bis 17 Uhr &nbsp; Am 28.04.2024 findet in der Zeit von 11.00 Uhr bis 17.00 Uhr der 2. Die\u00dfener Fr\u00fchlingsmarkt am Unterm\u00fcllerplatz statt. Wie schon bei der Premiere vor einem Jahr ist&hellip;<\/p>\n","protected":false},"author":60,"featured_media":793,"comment_status":"open","ping_status":"open","sticky":false,"template":"","format":"standard","meta":{"footnotes":""},"categories":[1],"tags":[],"class_list":["post-795","post","type-post","status-publish","format-standard","has-post-thumbnail","hentry","category-allgemein","category-1","description-off"],"_links":{"self":[{"href":"https:\/\/www.bds-bayern.de\/diessen\/wp-json\/wp\/v2\/posts\/795","targetHints":{"allow":["GET"]}}],"collection":[{"href":"https:\/\/www.bds-bayern.de\/diessen\/wp-json\/wp\/v2\/posts"}],"about":[{"href":"https:\/\/www.bds-bayern.de\/diessen\/wp-json\/wp\/v2\/types\/post"}],"author":[{"embeddable":true,"href":"https:\/\/www.bds-bayern.de\/diessen\/wp-json\/wp\/v2\/users\/60"}],"replies":[{"embeddable":true,"href":"https:\/\/www.bds-bayern.de\/diessen\/wp-json\/wp\/v2\/comments?post=795"}],"version-history":[{"count":1,"href":"https:\/\/www.bds-bayern.de\/diessen\/wp-json\/wp\/v2\/posts\/795\/revisions"}],"predecessor-version":[{"id":796,"href":"https:\/\/www.bds-bayern.de\/diessen\/wp-json\/wp\/v2\/posts\/795\/revisions\/796"}],"wp:featuredmedia":[{"embeddable":true,"href":"https:\/\/www.bds-bayern.de\/diessen\/wp-json\/wp\/v2\/media\/793"}],"wp:attachment":[{"href":"https:\/\/www.bds-bayern.de\/diessen\/wp-json\/wp\/v2\/media?parent=795"}],"wp:term":[{"taxonomy":"category","embeddable":true,"href":"https:\/\/www.bds-bayern.de\/diessen\/wp-json\/wp\/v2\/categories?post=795"},{"taxonomy":"post_tag","embeddable":true,"href":"https:\/\/www.bds-bayern.de\/diessen\/wp-json\/wp\/v2\/tags?post=795"}],"curies":[{"name":"wp","href":"https:\/\/api.w.org\/{rel}","templated":true}]}}