{"id":818,"date":"2024-05-01T23:11:04","date_gmt":"2024-05-01T21:11:04","guid":{"rendered":"https:\/\/www.bds-bayern.de\/diessen\/?p=818"},"modified":"2024-05-01T23:16:07","modified_gmt":"2024-05-01T21:16:07","slug":"fruehlingsmarkt-2024-jetzt-kann-das-festjahr-starten","status":"publish","type":"post","link":"https:\/\/www.bds-bayern.de\/diessen\/fruehlingsmarkt-2024-jetzt-kann-das-festjahr-starten\/","title":{"rendered":"Fr\u00fchlingsmarkt 2024 &#8211; jetzt kann das Festjahr starten"},"content":{"rendered":"<p>Das Wetter war mit dem Gewerbeverband Die\u00dfen im Bunde. Perfektes Marktwetter, gut gelaunte Standbesatzungen und viele lachende Gesichter. Es war ein Tag, der genau das brachte, was sich die Veranstalter erhofft hatten. Lebendige Gemeinschaft zu erleben und gemeinsam einen wundersch\u00f6nen Tag zu genie\u00dfen.<\/p>\n<p>Um 11.00 Uhr er\u00f6ffneten der zweite B\u00fcrgermeister Roland Kratzer und der Gewerbeverbandsvorsitzende Michael Franke, unterst\u00fctzt durch die gro\u00dfartige Blaskapelle des Musikvereins Thaining den Markt am Unterm\u00fcllerplatz. Der Platz f\u00fcllte sich zusehends, und es herrschte bis zum Ende des Marktbetriebs um 17.00 Uhr reger Betrieb an den St\u00e4nden, in der Gastronomie und in den ge\u00f6ffneten Gesch\u00e4ften. Diesmal sorgte die Schnitzeljagd f\u00fcr Kinder f\u00fcr gro\u00dfen Andrang bei der Eisdiele Venezia.<\/p>\n<p><img loading=\"lazy\" decoding=\"async\" class=\"size-medium wp-image-822 alignleft\" src=\"https:\/\/www.bds-bayern.de\/diessen\/wp-content\/uploads\/sites\/54\/2024\/05\/Markt1-225x300.jpg\" alt=\"\" width=\"225\" height=\"300\" srcset=\"https:\/\/www.bds-bayern.de\/diessen\/wp-content\/uploads\/sites\/54\/2024\/05\/Markt1-225x300.jpg 225w, https:\/\/www.bds-bayern.de\/diessen\/wp-content\/uploads\/sites\/54\/2024\/05\/Markt1-768x1024.jpg 768w, https:\/\/www.bds-bayern.de\/diessen\/wp-content\/uploads\/sites\/54\/2024\/05\/Markt1-1152x1536.jpg 1152w, https:\/\/www.bds-bayern.de\/diessen\/wp-content\/uploads\/sites\/54\/2024\/05\/Markt1.jpg 1500w\" sizes=\"auto, (max-width: 225px) 100vw, 225px\" \/>Unser Dank gilt der Gemeindeverwaltung um B\u00fcrgermeisterin Sandra Perzul, die uns gemeinsam mit den KollegInnen des Rathauses gro\u00dfartig unterst\u00fctzte, dem Musikverein Thaining, welcher der Er\u00f6ffnung einen w\u00fcrdigen Rahmen gab, allen StandbetreiberInnen und Gesch\u00e4ftsinhaberInnen, die Ihre Gesch\u00e4fte \u00f6ffneten, der \u00f6rtlichen Gastronomie, allen voran dem Gasthof Unterbr\u00e4u, der seine Toilettenanlage zur Verf\u00fcgung stellte, der \u201eGittlerin\u201c, die Kinderaugen zum Leuchten brachte, den aufmerksamen Verkehrsw\u00e4chtern, sowie allen G\u00e4sten, die den Markt mit buntem Leben erf\u00fcllten. Es ist ein Geflecht des Engagements vieler Seiten, die einen solchen Tag erst m\u00f6glich machen.<\/p>\n<p><img loading=\"lazy\" decoding=\"async\" class=\"alignnone wp-image-819\" src=\"https:\/\/www.bds-bayern.de\/diessen\/wp-content\/uploads\/sites\/54\/2024\/05\/Markt5-300x225.jpg\" alt=\"\" width=\"274\" height=\"206\" srcset=\"https:\/\/www.bds-bayern.de\/diessen\/wp-content\/uploads\/sites\/54\/2024\/05\/Markt5-300x225.jpg 300w, https:\/\/www.bds-bayern.de\/diessen\/wp-content\/uploads\/sites\/54\/2024\/05\/Markt5-1024x768.jpg 1024w, https:\/\/www.bds-bayern.de\/diessen\/wp-content\/uploads\/sites\/54\/2024\/05\/Markt5-768x576.jpg 768w, https:\/\/www.bds-bayern.de\/diessen\/wp-content\/uploads\/sites\/54\/2024\/05\/Markt5-1536x1152.jpg 1536w, https:\/\/www.bds-bayern.de\/diessen\/wp-content\/uploads\/sites\/54\/2024\/05\/Markt5.jpg 2048w\" sizes=\"auto, (max-width: 274px) 100vw, 274px\" \/><\/p>\n<p>Danke an euch alle, das war gro\u00dfartig.<\/p>\n<p>Der Die\u00dfener Fr\u00fchlingsmarkt 2024 war ein gro\u00dfer Erfolg und ein wundersch\u00f6ner Einstieg in die Sommersaison 2024.<\/p>\n<p><a href=\"https:\/\/www.merkur.de\/lokales\/landsberg-kreisbote\/zweiter-diessener-fruehlingsmarkt-ein-erfolg-im-sonnenschein-93043062.html\"><span data-contrast=\"none\">Zweiter Die\u00dfener Fr\u00fchlingsmarkt ein Erfolg im Sonnenschein (merkur.de)<\/span><\/a><span data-ccp-props=\"{&quot;201341983&quot;:0,&quot;335559739&quot;:160,&quot;335559740&quot;:279}\">\u00a0<\/span><\/p>\n<p><a href=\"https:\/\/aloys.news\/de\/global\/perfektes-wetter-gut-gelaunte-besucher-und-zufriedene-standbesitzer-beim-zweiten-diessener-fruehlingsmarkt\"><span data-contrast=\"none\">Perfektes Wetter, gut gelaunte Besucher und zufriedene Standbesitzer beim zweiten Die\u00dfener Fr\u00fchlingsmarkt &#8211; News (aloys.news)<\/span><\/a><span data-ccp-props=\"{&quot;201341983&quot;:0,&quot;335559739&quot;:160,&quot;335559740&quot;:279}\">\u00a0<\/span><\/p>\n<p><strong>In diesem Sinn freuen wir uns bereits jetzt auf den Marktsonntag am 15. September 2024!<\/strong><\/p>\n<p>F\u00fcr den Gewerbeverband Die\u00dfen am Ammersee<\/p>\n<p>Michael Franke<\/p>\n<p>1.Vorsitzender<\/p>\n","protected":false},"excerpt":{"rendered":"<p>Das Wetter war mit dem Gewerbeverband Die\u00dfen im Bunde. Perfektes Marktwetter, gut gelaunte Standbesatzungen und viele lachende Gesichter. Es war ein Tag, der genau das brachte, was sich die Veranstalter erhofft hatten. Lebendige Gemeinschaft zu erleben und gemeinsam einen wundersch\u00f6nen Tag zu genie\u00dfen. Um 11.00 Uhr er\u00f6ffneten der zweite B\u00fcrgermeister Roland Kratzer und der Gewerbeverbandsvorsitzende&hellip;<\/p>\n","protected":false},"author":60,"featured_media":823,"comment_status":"open","ping_status":"open","sticky":false,"template":"","format":"standard","meta":{"footnotes":""},"categories":[1,7,5],"tags":[26,18],"class_list":["post-818","post","type-post","status-publish","format-standard","has-post-thumbnail","hentry","category-allgemein","category-presse-veroeffentlichungen","category-pressemeldungen","tag-fruehlingsmarkt","tag-gewerbeverband-diessen","category-1","category-7","category-5","description-off"],"_links":{"self":[{"href":"https:\/\/www.bds-bayern.de\/diessen\/wp-json\/wp\/v2\/posts\/818","targetHints":{"allow":["GET"]}}],"collection":[{"href":"https:\/\/www.bds-bayern.de\/diessen\/wp-json\/wp\/v2\/posts"}],"about":[{"href":"https:\/\/www.bds-bayern.de\/diessen\/wp-json\/wp\/v2\/types\/post"}],"author":[{"embeddable":true,"href":"https:\/\/www.bds-bayern.de\/diessen\/wp-json\/wp\/v2\/users\/60"}],"replies":[{"embeddable":true,"href":"https:\/\/www.bds-bayern.de\/diessen\/wp-json\/wp\/v2\/comments?post=818"}],"version-history":[{"count":2,"href":"https:\/\/www.bds-bayern.de\/diessen\/wp-json\/wp\/v2\/posts\/818\/revisions"}],"predecessor-version":[{"id":828,"href":"https:\/\/www.bds-bayern.de\/diessen\/wp-json\/wp\/v2\/posts\/818\/revisions\/828"}],"wp:featuredmedia":[{"embeddable":true,"href":"https:\/\/www.bds-bayern.de\/diessen\/wp-json\/wp\/v2\/media\/823"}],"wp:attachment":[{"href":"https:\/\/www.bds-bayern.de\/diessen\/wp-json\/wp\/v2\/media?parent=818"}],"wp:term":[{"taxonomy":"category","embeddable":true,"href":"https:\/\/www.bds-bayern.de\/diessen\/wp-json\/wp\/v2\/categories?post=818"},{"taxonomy":"post_tag","embeddable":true,"href":"https:\/\/www.bds-bayern.de\/diessen\/wp-json\/wp\/v2\/tags?post=818"}],"curies":[{"name":"wp","href":"https:\/\/api.w.org\/{rel}","templated":true}]}}