{"id":853,"date":"2024-08-28T15:59:23","date_gmt":"2024-08-28T13:59:23","guid":{"rendered":"https:\/\/www.bds-bayern.de\/diessen\/?p=853"},"modified":"2024-08-28T15:59:23","modified_gmt":"2024-08-28T13:59:23","slug":"marktsonntag-in-diessen-am-ammersee","status":"publish","type":"post","link":"https:\/\/www.bds-bayern.de\/diessen\/marktsonntag-in-diessen-am-ammersee\/","title":{"rendered":"Marktsonntag in Die\u00dfen am Ammersee"},"content":{"rendered":"<p><strong>Herzlich Willkommen beim 23. Die\u00dfener Marktsonntag <\/strong><\/p>\n<p><strong>am 15.09.2024 in der Zeit von 11 bis 17 Uhr<\/strong><\/p>\n<p>Wir freuen uns \u00fcber eine gro\u00dfe Zahl unterschiedlicher Teilnehmer beim diesj\u00e4hrigen Marktsonntag. In der M\u00fchlstra\u00dfe werden 37 St\u00e4nde alles bieten, was das Herz begehrt. Frisches Obst, Feinkost, \u00f6sterreichische und italienische Spezialit\u00e4ten, heimische Fleisch- und K\u00e4seprodukte, S\u00fc\u00dfwaren, und vieles mehr. Mit dabei sind u.a. Heidi\u00b4s Catering aus Die\u00dfen, Stephan Fenebergs Grillspezialit\u00e4ten (Die\u00dfen), Christiane Saarangi-Rabe mit marokkanischen Spezialit\u00e4ten (Die\u00dfen), die Ziegenbande mit K\u00e4sespezialit\u00e4ten (Utting) oder auch k\u00f6stliche Fruchts\u00e4fte aus dem Hause Perger (Breitbrunn).<\/p>\n<p>Zudem werden sich folgende Ladengesch\u00e4fte in der M\u00fchl-, Johannis-, Prinz-Ludwig- und Herrenstra\u00dfe ab 12.00 Uhr auf neugierige Besucher freuen:<\/p>\n<p><strong>Alexandra Bach Wohnen * Ammersee K\u00fcchenstudio * Ammerseeliebe * Feine Fummel * HOISS Schuhe * Josef Hudler Haushalt\/Glas\/Porzellan * Kistentoyferl * LA 13 Mode Wohnen und \u00a0Schenken * Matt Optik * Modehaus Huber * Rinneberg Gestalt * Vetus Lignum * Weibsbilder Ammersee <\/strong><\/p>\n<p>Ein besonderer Dank geht an folgende Gastronomiebetriebe, ohne die unser Marktsonntag nicht durchf\u00fchrbar w\u00e4re:<\/p>\n<p><strong>Essens Art * Fischfachgesch\u00e4ft Gastl * Cafe Lilly \u2013 Leben in Balance * Gasthof Unterbr\u00e4u<\/strong><\/p>\n<p>Der Markt wird, unterst\u00fctzt durch den Musikverein Die\u00dfen, um 10.45 Uhr durch die B\u00fcrgermeisterin Sandra Perzul und den Vorstand des Gewerbeverbands Die\u00dfen auf dem Unterm\u00fcllerplatz er\u00f6ffnet. Treffpunkt f\u00fcr den kurzen Festzug ist um 10.30 Uhr am Maibaum.<\/p>\n<p>Dazu werden tolle Attraktionen geboten. Der MTV Die\u00dfen Turnen, der Ammersee Sportverein, Vidal Taekwondo und Krav Maga Defcon demonstrieren sportliches K\u00f6nnen. Und auch der Trachtenverein Die\u00dfen wird sich pr\u00e4sentieren. F\u00fcr die musikalische Unterhaltung sorgt die Oldie Blues Connection in bew\u00e4hrt entspannter Art.<\/p>\n<p>&nbsp;<\/p>\n<p>F\u00fcr den Gewerbeverband Die\u00dfen am Ammersee<\/p>\n<p>&nbsp;<\/p>\n<p>Michael Franke<\/p>\n<p>1.Vorsitzender<\/p>\n<p>&nbsp;<\/p>\n<p>Pressekontakt:<\/p>\n<p>Michael Franke, Brennereistra\u00dfe 4b, 81375 M\u00fcnchen<\/p>\n<p>Telefon: 0157-82817441, Mail: m.franke@4apotheken.de<\/p>\n","protected":false},"excerpt":{"rendered":"<p>Herzlich Willkommen beim 23. Die\u00dfener Marktsonntag am 15.09.2024 in der Zeit von 11 bis 17 Uhr Wir freuen uns \u00fcber eine gro\u00dfe Zahl unterschiedlicher Teilnehmer beim diesj\u00e4hrigen Marktsonntag. In der M\u00fchlstra\u00dfe werden 37 St\u00e4nde alles bieten, was das Herz begehrt. Frisches Obst, Feinkost, \u00f6sterreichische und italienische Spezialit\u00e4ten, heimische Fleisch- und K\u00e4seprodukte, S\u00fc\u00dfwaren, und vieles mehr.&hellip;<\/p>\n","protected":false},"author":60,"featured_media":854,"comment_status":"open","ping_status":"open","sticky":false,"template":"","format":"standard","meta":{"footnotes":""},"categories":[13,7,5],"tags":[19,18,17],"class_list":["post-853","post","type-post","status-publish","format-standard","has-post-thumbnail","hentry","category-news","category-presse-veroeffentlichungen","category-pressemeldungen","tag-bds-diessen","tag-gewerbeverband-diessen","tag-marktsonntag","category-13","category-7","category-5","description-off"],"_links":{"self":[{"href":"https:\/\/www.bds-bayern.de\/diessen\/wp-json\/wp\/v2\/posts\/853","targetHints":{"allow":["GET"]}}],"collection":[{"href":"https:\/\/www.bds-bayern.de\/diessen\/wp-json\/wp\/v2\/posts"}],"about":[{"href":"https:\/\/www.bds-bayern.de\/diessen\/wp-json\/wp\/v2\/types\/post"}],"author":[{"embeddable":true,"href":"https:\/\/www.bds-bayern.de\/diessen\/wp-json\/wp\/v2\/users\/60"}],"replies":[{"embeddable":true,"href":"https:\/\/www.bds-bayern.de\/diessen\/wp-json\/wp\/v2\/comments?post=853"}],"version-history":[{"count":1,"href":"https:\/\/www.bds-bayern.de\/diessen\/wp-json\/wp\/v2\/posts\/853\/revisions"}],"predecessor-version":[{"id":855,"href":"https:\/\/www.bds-bayern.de\/diessen\/wp-json\/wp\/v2\/posts\/853\/revisions\/855"}],"wp:featuredmedia":[{"embeddable":true,"href":"https:\/\/www.bds-bayern.de\/diessen\/wp-json\/wp\/v2\/media\/854"}],"wp:attachment":[{"href":"https:\/\/www.bds-bayern.de\/diessen\/wp-json\/wp\/v2\/media?parent=853"}],"wp:term":[{"taxonomy":"category","embeddable":true,"href":"https:\/\/www.bds-bayern.de\/diessen\/wp-json\/wp\/v2\/categories?post=853"},{"taxonomy":"post_tag","embeddable":true,"href":"https:\/\/www.bds-bayern.de\/diessen\/wp-json\/wp\/v2\/tags?post=853"}],"curies":[{"name":"wp","href":"https:\/\/api.w.org\/{rel}","templated":true}]}}