{"id":857,"date":"2024-09-20T12:55:01","date_gmt":"2024-09-20T10:55:01","guid":{"rendered":"https:\/\/www.bds-bayern.de\/diessen\/?p=857"},"modified":"2024-09-20T12:55:01","modified_gmt":"2024-09-20T10:55:01","slug":"marktsonntag-in-diessen-ein-voller-erfolg","status":"publish","type":"post","link":"https:\/\/www.bds-bayern.de\/diessen\/marktsonntag-in-diessen-ein-voller-erfolg\/","title":{"rendered":"Marktsonntag in Die\u00dfen &#8211; ein voller Erfolg!"},"content":{"rendered":"<p>Nach vielen Wochen der Vorarbeit des Gewerbeverbands Die\u00dfen und des Bangens auf gutes Wetter, war es am vergangenen Sonntag endlich so weit. Die\u00a0B\u00fcrgermeisterin Sandra\u00a0Perzul\u00a0und die Verbandsvorsitzende Simone Cardinale,\u00a0unterst\u00fctzt durch den Trachtenverein Die\u00dfen,\u00a0er\u00f6ffneten\u00a0um\u00a0kurz nach\u00a011.00 Uhr\u00a0den Markt.<\/p>\n<p>Nach einer wundersch\u00f6nen Vorf\u00fchrung der Jugend des Trachtenvereins herrschte bis zum Ende um 17.00 Uhr\u00a0gro\u00dfer\u00a0Betrieb\u00a0in den Stra\u00dfen und\u00a0am Unterm\u00fcllerplatz. Die 39 teilnehmenden Marktst\u00e4nde wurden gut frequentiert. Rund 6.000 Besucher str\u00f6mten an diesem Tag durch den Markt. Die 13 teilnehmenden Gesch\u00e4fte in der\u00a0Hofmark, der M\u00fchl-, Herren-, Prinz-Ludwig- und Johannisstra\u00dfe konnten sich \u00fcber mangelndes Interesse der Besucher nicht beklagen.<\/p>\n<p>Feuerwehr und Wasserwacht informierten \u00fcber Ihre Aufgaben und T\u00e4tigkeiten. F\u00fcr st\u00e4ndige Unterhaltung f\u00fcr das j\u00fcngere Publikum sorgten am Unterm\u00fcllerplatz die teilnehmenden Vereine (ASV und MTV Die\u00dfen). Der Heimat-und Trachtenverein Die\u00dfen, das Team von Krav Maga, dass JiuJitsu Die\u00dfen, die Die\u00dfner Albhornbl\u00e4ser sorgten f\u00fcr eine gro\u00dfartige Atmosph\u00e4re\u00a0und die Oldie Blues Connection (OBC) rundete das bunte Rahmenprogramm mit Livemusik ab.\u00a0Zudem konnten sich Gro\u00df und Klein an den\u00a0Waterballs\u00a0oder dem Bungeetrampolin probieren. Und die\u00a0Mutigen wagten den Flug mit dem Air Emotion Flieger auf 40 Metern H\u00f6he.\u00a0Kurz gesagt: Es\u00a0war ein wunderbarer Tag ohne jeden Zwischenfall.<\/p>\n<p>Unser Dank gilt vor allem der B\u00fcrgermeisterin Sandra Perzul, die uns gemeinsam mit den KollegInnen des Rathauses gro\u00dfartig unterst\u00fctzte und dem Trachtenverein Die\u00dfen, welcher der Er\u00f6ffnung einen w\u00fcrdigen Rahmen gab.<\/p>\n<p>Zudem\u00a0allen\u00a0StandbetreiberInnen\u00a0und\u00a0Gesch\u00e4ftsinhaberInnen, sowie allen G\u00e4sten, die den Markt\u00a0mit\u00a0buntem\u00a0Leben erf\u00fcllten. Vor allem den teilnehmenden Gastronomen\u00a0Unterbr\u00e4u,\u00a0essen\u00b4sArt, Del Sur\u00a0und die Fischerei Mastaller-Gastl.<\/p>\n<p>Erneut\u00a0wurde der Kran der Air Emotion nicht mit Diesel, sondern mit Solarstrom aus dem Hause\u00a0Unterbr\u00e4u\u00a0betrieben!<\/p>\n<p><strong>Es war bunt, es war manchmal laut, ES WAR WUNDERBAR!\u00a0<\/strong><\/p>\n<p><strong>Der\u00a023. Die\u00dfner\u00a0Marktsonntag war erneut voller Erfolg.<\/strong><\/p>\n<p>F\u00fcr die Gewerbetreibenden, f\u00fcr unseren Markt Die\u00dfen, f\u00fcr die zahlreichen G\u00e4ste und auch f\u00fcr den Gewerbeverband Die\u00dfen, der sich immer auf neue Mitglieder freut. Interessenten k\u00f6nnen jederzeit Kontakt aufnehmen (<a href=\"mailto:m.franke@4apotheken.de\">m.franke@4apotheken.de<\/a>).<\/p>\n","protected":false},"excerpt":{"rendered":"<p>Nach vielen Wochen der Vorarbeit des Gewerbeverbands Die\u00dfen und des Bangens auf gutes Wetter, war es am vergangenen Sonntag endlich so weit. Die\u00a0B\u00fcrgermeisterin Sandra\u00a0Perzul\u00a0und die Verbandsvorsitzende Simone Cardinale,\u00a0unterst\u00fctzt durch den Trachtenverein Die\u00dfen,\u00a0er\u00f6ffneten\u00a0um\u00a0kurz nach\u00a011.00 Uhr\u00a0den Markt. Nach einer wundersch\u00f6nen Vorf\u00fchrung der Jugend des Trachtenvereins herrschte bis zum Ende um 17.00 Uhr\u00a0gro\u00dfer\u00a0Betrieb\u00a0in den Stra\u00dfen und\u00a0am Unterm\u00fcllerplatz. Die&hellip;<\/p>\n","protected":false},"author":60,"featured_media":862,"comment_status":"open","ping_status":"open","sticky":false,"template":"","format":"standard","meta":{"footnotes":""},"categories":[1],"tags":[],"class_list":["post-857","post","type-post","status-publish","format-standard","has-post-thumbnail","hentry","category-allgemein","category-1","description-off"],"_links":{"self":[{"href":"https:\/\/www.bds-bayern.de\/diessen\/wp-json\/wp\/v2\/posts\/857","targetHints":{"allow":["GET"]}}],"collection":[{"href":"https:\/\/www.bds-bayern.de\/diessen\/wp-json\/wp\/v2\/posts"}],"about":[{"href":"https:\/\/www.bds-bayern.de\/diessen\/wp-json\/wp\/v2\/types\/post"}],"author":[{"embeddable":true,"href":"https:\/\/www.bds-bayern.de\/diessen\/wp-json\/wp\/v2\/users\/60"}],"replies":[{"embeddable":true,"href":"https:\/\/www.bds-bayern.de\/diessen\/wp-json\/wp\/v2\/comments?post=857"}],"version-history":[{"count":1,"href":"https:\/\/www.bds-bayern.de\/diessen\/wp-json\/wp\/v2\/posts\/857\/revisions"}],"predecessor-version":[{"id":865,"href":"https:\/\/www.bds-bayern.de\/diessen\/wp-json\/wp\/v2\/posts\/857\/revisions\/865"}],"wp:featuredmedia":[{"embeddable":true,"href":"https:\/\/www.bds-bayern.de\/diessen\/wp-json\/wp\/v2\/media\/862"}],"wp:attachment":[{"href":"https:\/\/www.bds-bayern.de\/diessen\/wp-json\/wp\/v2\/media?parent=857"}],"wp:term":[{"taxonomy":"category","embeddable":true,"href":"https:\/\/www.bds-bayern.de\/diessen\/wp-json\/wp\/v2\/categories?post=857"},{"taxonomy":"post_tag","embeddable":true,"href":"https:\/\/www.bds-bayern.de\/diessen\/wp-json\/wp\/v2\/tags?post=857"}],"curies":[{"name":"wp","href":"https:\/\/api.w.org\/{rel}","templated":true}]}}