{"id":932,"date":"2025-11-23T07:28:56","date_gmt":"2025-11-23T06:28:56","guid":{"rendered":"https:\/\/www.bds-bayern.de\/diessen\/?p=932"},"modified":"2025-11-23T07:28:56","modified_gmt":"2025-11-23T06:28:56","slug":"diessen-leuchtet-am-27-11-2025","status":"publish","type":"post","link":"https:\/\/www.bds-bayern.de\/diessen\/diessen-leuchtet-am-27-11-2025\/","title":{"rendered":"Die\u00dfen leuchtet! Am 27.11.2025!"},"content":{"rendered":"<p>Auch 2025 wollen wir in unserem Die\u00dfen wieder mit einem lauten Leuchten die staade Zeit einl\u00e4uten.<\/p>\n<p><img loading=\"lazy\" decoding=\"async\" class=\"alignnone size-medium wp-image-930\" src=\"https:\/\/www.bds-bayern.de\/diessen\/wp-content\/uploads\/sites\/54\/2025\/01\/DL25-242x300.jpeg\" alt=\"\" width=\"242\" height=\"300\" srcset=\"https:\/\/www.bds-bayern.de\/diessen\/wp-content\/uploads\/sites\/54\/2025\/01\/DL25-242x300.jpeg 242w, https:\/\/www.bds-bayern.de\/diessen\/wp-content\/uploads\/sites\/54\/2025\/01\/DL25-768x952.jpeg 768w, https:\/\/www.bds-bayern.de\/diessen\/wp-content\/uploads\/sites\/54\/2025\/01\/DL25.jpeg 802w\" sizes=\"auto, (max-width: 242px) 100vw, 242px\" \/><\/p>\n<p>Unser Angebot:<\/p>\n<p>17.30 Uhr &#8211; Laternenumzug der Die\u00dfener Kinder vom &#8222;Koch&#8220; zum &#8222;Dietz&#8220; mit dem Thaininger Musikverein und dem Heimat- und Trachtenverein Die\u00dfen<\/p>\n<p>18.30 Uhr &#8211; Kasperltheater vor dem Kistentoyferl<\/p>\n<p>19.00 Uhr &#8211; Ammersee Alphornbl\u00e4ser vor der VR Bank<\/p>\n<p>19.15 Uhr &#8211; Feuershow vor der VR Bank<\/p>\n<p>19.30 &#8211; Musikschule Die\u00dfen vor der VR Bank<\/p>\n<p>20.00 &#8211; Sambagruppe Pura Vida &#8211; vom Unterm\u00fcllerplatz zur Herrenstra\u00dfe<\/p>\n<p>18.00 &#8211; 20.00 Uhr Perchtengruppe &#8222;Lechroana Pass&#8220; (Unterm\u00fcllerplatz\/Herrenstra\u00dfe)<\/p>\n<p>20.30 &#8211; Ammersee Alphornbl\u00e4ser am Dietz<\/p>\n<p>Daneben laden viele ge\u00f6ffnete Gesch\u00e4fte und Gastronomiebetriebe zum Besuch und zum Verweilen ein.<\/p>\n<p>Der Gewerbeverband Die\u00dfen freut sich sehr auf Ihren Besuch!<\/p>\n","protected":false},"excerpt":{"rendered":"<p>Auch 2025 wollen wir in unserem Die\u00dfen wieder mit einem lauten Leuchten die staade Zeit einl\u00e4uten. Unser Angebot: 17.30 Uhr &#8211; Laternenumzug der Die\u00dfener Kinder vom &#8222;Koch&#8220; zum &#8222;Dietz&#8220; mit dem Thaininger Musikverein und dem Heimat- und Trachtenverein Die\u00dfen 18.30 Uhr &#8211; Kasperltheater vor dem Kistentoyferl 19.00 Uhr &#8211; Ammersee Alphornbl\u00e4ser vor der VR Bank&hellip;<\/p>\n","protected":false},"author":60,"featured_media":929,"comment_status":"open","ping_status":"open","sticky":false,"template":"","format":"standard","meta":{"footnotes":""},"categories":[1],"tags":[],"class_list":["post-932","post","type-post","status-publish","format-standard","has-post-thumbnail","hentry","category-allgemein","category-1","description-off"],"_links":{"self":[{"href":"https:\/\/www.bds-bayern.de\/diessen\/wp-json\/wp\/v2\/posts\/932","targetHints":{"allow":["GET"]}}],"collection":[{"href":"https:\/\/www.bds-bayern.de\/diessen\/wp-json\/wp\/v2\/posts"}],"about":[{"href":"https:\/\/www.bds-bayern.de\/diessen\/wp-json\/wp\/v2\/types\/post"}],"author":[{"embeddable":true,"href":"https:\/\/www.bds-bayern.de\/diessen\/wp-json\/wp\/v2\/users\/60"}],"replies":[{"embeddable":true,"href":"https:\/\/www.bds-bayern.de\/diessen\/wp-json\/wp\/v2\/comments?post=932"}],"version-history":[{"count":2,"href":"https:\/\/www.bds-bayern.de\/diessen\/wp-json\/wp\/v2\/posts\/932\/revisions"}],"predecessor-version":[{"id":934,"href":"https:\/\/www.bds-bayern.de\/diessen\/wp-json\/wp\/v2\/posts\/932\/revisions\/934"}],"wp:featuredmedia":[{"embeddable":true,"href":"https:\/\/www.bds-bayern.de\/diessen\/wp-json\/wp\/v2\/media\/929"}],"wp:attachment":[{"href":"https:\/\/www.bds-bayern.de\/diessen\/wp-json\/wp\/v2\/media?parent=932"}],"wp:term":[{"taxonomy":"category","embeddable":true,"href":"https:\/\/www.bds-bayern.de\/diessen\/wp-json\/wp\/v2\/categories?post=932"},{"taxonomy":"post_tag","embeddable":true,"href":"https:\/\/www.bds-bayern.de\/diessen\/wp-json\/wp\/v2\/tags?post=932"}],"curies":[{"name":"wp","href":"https:\/\/api.w.org\/{rel}","templated":true}]}}